{"id":944902,"date":"2024-11-29T09:46:28","date_gmt":"2024-11-29T08:46:28","guid":{"rendered":"https:\/\/ticronometro.com\/wp\/2024\/11\/blog\/%f0%9f%8c%9f%f0%9f%8c%a0%f0%9f%8e%84-una-bella-serata-di-allegria-gia-un-po-natalizia-ha-dato-il-via-ieri\/"},"modified":"2024-11-29T09:46:28","modified_gmt":"2024-11-29T08:46:28","slug":"%f0%9f%8c%9f%f0%9f%8c%a0%f0%9f%8e%84-una-bella-serata-di-allegria-gia-un-po-natalizia-ha-dato-il-via-ieri","status":"publish","type":"post","link":"https:\/\/ticronometro.com\/wp\/2024\/11\/bulletin-istituzionale\/citta-di-cirie\/%f0%9f%8c%9f%f0%9f%8c%a0%f0%9f%8e%84-una-bella-serata-di-allegria-gia-un-po-natalizia-ha-dato-il-via-ieri\/","title":{"rendered":"\ud83c\udf1f\ud83c\udf20\ud83c\udf84 Una bella serata di allegria gi\u00e0 un po\u2019 natalizia ha dato il via ieri\u2026"},"content":{"rendered":"<p>\ud83c\udf1f\ud83c\udf20\ud83c\udf84  Una bella serata di allegria gi\u00e0 un po\u2019 natalizia ha dato il via ieri all\u2019accensione delle luci natalizie nella Citt\u00e0 di Ciri\u00e9, che oltre a  \u2728 Corso Martiri della Libert\u00e0 e al suo \u2728 Viale, dove spicca un &#8220;albero della vita&#8221; proprio davanti al Municipio, ha illuminato per queste feste anche \u2728 Piazza San Giovanni, con una luminosissima #stellacometa, e \u2728 via Vittorio Emanuele II dove un bel cappello di \ud83c\udf85 #BabboNatale e un enorme \ud83c\udf81 #paccoregalo accolgono visitatori e ciriacesi ai due ingressi della via. Oltre naturalmente alle tante luci che sono state posizionate nei vari \ud83c\udf1f quartieri, e frazioni, della citt\u00e0.<\/p>\n<p>\ud83c\udf7e La serata \u00e8 stata anche l\u2019occasione per inaugurare ufficialmente il Viale di Corso Martiri, riqualificato, dotato ora di nuova pavimentazione, illuminazione e di arredo urbano accogliente e moderno.<\/p>\n<p>Alla presenza del Sindaco @Loredana Devietti , della Giunta al completo, di tante associazioni e cittadini, il \ud83c\udf80 taglio del nastro \u00e8 stato reso ancora pi\u00f9 festoso da una calda \u201cmerenda\u201d distribuita dal #GruppoAlpiniCiri\u00e9, con pandoro, panettone, cioccolata calda e un corroborante vin br\u00fcl\u00e9. <\/p>\n<p>E poi, tutti insieme a fare il #countdown alla stella cometa in Piazza San Giovanni, sempre allietati e accompagnati dalla musica della Societ\u00e0 Filarmonica Devesina.<\/p>\n<p>\ud835\udc02\ud835\udc22\ud835\udc2b\ud835\udc22\ud835\udc1e\u0301 \ud835\udc21\ud835\udc1a \ud835\udc1a\ud835\udc1c\ud835\udc1c\ud835\udc1e\ud835\udc2c\ud835\udc28 \ud835\udc22\ud835\udc25 \ud835\udc0d\ud835\udc1a\ud835\udc2d\ud835\udc1a\ud835\udc25\ud835\udc1e\u2026 \ud835\udc1e \ud835\udc27\ud835\udc1e\ud835\udc25 \ud835\udc26\ud835\udc1e\ud835\udc2c\ud835\udc1e \ud835\udc1a \ud835\udc2c\ud835\udc1e\ud835\udc20\ud835\udc2e\ud835\udc22\ud835\udc2b\ud835\udc1e \ud835\udc25\ud835\udc28 \ud835\udc2b\ud835\udc1e\ud835\udc27\ud835\udc1d\ud835\udc1e\ud835\udc2b\ud835\udc1a\u0300 \ud835\udc1a\ud835\udc27\ud835\udc1c\ud835\udc28\ud835\udc2b\ud835\udc1a \ud835\udc29\ud835\udc22\ud835\udc2e\u0300 \ud835\udc2c\ud835\udc29\ud835\udc1e\ud835\udc1c\ud835\udc22\ud835\udc1a\ud835\udc25\ud835\udc1e \ud835\udc1c\ud835\udc28\ud835\udc27 \ud835\udc2d\ud835\udc1a\ud835\udc27\ud835\udc2d\ud835\udc22 \ud835\udc1e\ud835\udc2f\ud835\udc1e\ud835\udc27\ud835\udc2d\ud835\udc22 \ud835\udc29\ud835\udc1e\ud835\udc27\ud835\udc2c\ud835\udc1a\ud835\udc2d\ud835\udc22 \ud835\udc29\ud835\udc1e\ud835\udc2b \ud835\udc20\ud835\udc2b\ud835\udc1a\ud835\udc27\ud835\udc1d\ud835\udc22 \ud835\udc1e \ud835\udc29\ud835\udc22\ud835\udc1c\ud835\udc1c\ud835\udc22\ud835\udc27\ud835\udc22 \ud835\udc1c\ud835\udc21\ud835\udc1e \ud835\udc1c\ud835\udc28\ud835\udc22\ud835\udc27\ud835\udc2f\ud835\udc28\ud835\udc25\ud835\udc20\ud835\udc1e\ud835\udc2b\ud835\udc1a\ud835\udc27\ud835\udc27\ud835\udc28 \ud835\udc1a\ud835\udc27\ud835\udc1c\ud835\udc21\ud835\udc1e \ud835\udc22 \ud835\udc27\ud835\udc1e\ud835\udc20\ud835\udc28\ud835\udc33\ud835\udc22 \ud835\udc1c\ud835\udc22\ud835\udc2d\ud835\udc2d\ud835\udc1a\ud835\udc1d\ud835\udc22\ud835\udc27\ud835\udc22, \ud835\udc25\ud835\udc1e \ud835\udc1a\ud835\udc2c\ud835\udc2c\ud835\udc28\ud835\udc1c\ud835\udc22\ud835\udc1a\ud835\udc33\ud835\udc22\ud835\udc28\ud835\udc27\ud835\udc22, \ud835\udc25\ud835\udc1e \ud835\udc2c\ud835\udc1c\ud835\udc2e\ud835\udc28\ud835\udc25\ud835\udc1e\u2026 \ud835\udc1e \ud835\udc2d\ud835\udc2e\ud835\udc2d\ud835\udc2d\ud835\udc22 \ud835\udc22 \ud835\udc1c\ud835\udc22\ud835\udc2b\ud835\udc22\ud835\udc1a\ud835\udc1c\ud835\udc1e\ud835\udc2c\ud835\udc22.<\/p>\n<p>\ud83c\udf84 Primo appuntamento da segnare in agenda: l&#8217;inaugurazione della Via dei Presepi, gioved\u00ec 5 dicembre, con inizio alle 18.00, in bvia Vittorio Emaniuele II, con i bimbi e le associazioni che hanno realizzato i Presepi e le statuine.<\/p>\n<p>\ud83d\udd34 Stay tuned per tutti gli aggiornamenti.<\/p>\n<p>\ud83c\udf20 \u2026. E che luce sia!\u00a0<\/p>\n<p> contirnua la lettura su:<a href=\"https:\/\/www.facebook.com\/1600891403502118_909690151302904\" target=\"_blank\" class=\"feedzy-rss-link-icon\" rel=\"noopener\">Read More<\/a><\/p>","protected":false},"excerpt":{"rendered":"<p>\ud83c\udf1f\ud83c\udf20\ud83c\udf84 Una bella serata di allegria gi\u00e0 un po\u2019 natalizia ha dato il via&hellip;<\/p>\n","protected":false},"author":0,"featured_media":944903,"comment_status":"","ping_status":"open","sticky":false,"template":"","format":"standard","meta":{"om_disable_all_campaigns":false,"_sitemap_exclude":false,"_sitemap_priority":"","_sitemap_frequency":"","_monsterinsights_skip_tracking":false,"_monsterinsights_sitenote_active":false,"_monsterinsights_sitenote_note":"","_monsterinsights_sitenote_category":0,"footnotes":""},"categories":[178],"tags":[],"class_list":["post-944902","post","type-post","status-publish","format-standard","has-post-thumbnail","hentry","category-citta-di-cirie"],"aioseo_notices":[],"_links":{"self":[{"href":"https:\/\/ticronometro.com\/wp\/wp-json\/wp\/v2\/posts\/944902","targetHints":{"allow":["GET"]}}],"collection":[{"href":"https:\/\/ticronometro.com\/wp\/wp-json\/wp\/v2\/posts"}],"about":[{"href":"https:\/\/ticronometro.com\/wp\/wp-json\/wp\/v2\/types\/post"}],"replies":[{"embeddable":true,"href":"https:\/\/ticronometro.com\/wp\/wp-json\/wp\/v2\/comments?post=944902"}],"version-history":[{"count":0,"href":"https:\/\/ticronometro.com\/wp\/wp-json\/wp\/v2\/posts\/944902\/revisions"}],"wp:featuredmedia":[{"embeddable":true,"href":"https:\/\/ticronometro.com\/wp\/wp-json\/wp\/v2\/media\/944903"}],"wp:attachment":[{"href":"https:\/\/ticronometro.com\/wp\/wp-json\/wp\/v2\/media?parent=944902"}],"wp:term":[{"taxonomy":"category","embeddable":true,"href":"https:\/\/ticronometro.com\/wp\/wp-json\/wp\/v2\/categories?post=944902"},{"taxonomy":"post_tag","embeddable":true,"href":"https:\/\/ticronometro.com\/wp\/wp-json\/wp\/v2\/tags?post=944902"}],"curies":[{"name":"wp","href":"https:\/\/api.w.org\/{rel}","templated":true}]}}