{"id":881783,"date":"2024-11-12T14:25:12","date_gmt":"2024-11-12T13:25:12","guid":{"rendered":"https:\/\/ticronometro.com\/wp\/2024\/11\/notizie-rss\/da-torino\/montalto-dora-in-festa-un-weekend-con-la-sagra-del-cavolo-verza-e-allinsegna-dei-sapori-autentici\/"},"modified":"2024-11-12T14:36:42","modified_gmt":"2024-11-12T13:36:42","slug":"montalto-dora-in-festa-un-weekend-con-la-sagra-del-cavolo-verza-e-allinsegna-dei-sapori-autentici","status":"publish","type":"post","link":"https:\/\/ticronometro.com\/wp\/2024\/11\/notizie-rss\/da-torino\/montalto-dora-in-festa-un-weekend-con-la-sagra-del-cavolo-verza-e-allinsegna-dei-sapori-autentici\/","title":{"rendered":"Montalto Dora in festa: un weekend con la sagra del cavolo verza e all&#8217;insegna dei sapori autentici"},"content":{"rendered":"<p><img decoding=\"async\" src=\"https:\/\/citynews-torinotoday.stgy.ovh\/~media\/original-hi\/25301974545038\/sagra_cavolo_verza_montalto_dora_repertorio_2.jpg\" alt=\"Montalto Dora in festa: un weekend con la sagra del cavolo verza e all&#039;insegna dei sapori autentici\"\/> Montalto Dora si veste a festa con la Sagra del Cavolo Verza! Dal 20 al 24 novembre, il pregiato ortaggio canavesano sar\u00e0 protagonista assoluto di una manifestazione che celebra la tradizione culinaria locale. La Supa \u2018d pan e c\u00f2j, la Bagna ca\u00f4da e il Cap\u00f4n\u00e8t sono solo alcune delle specialit\u00e0 che&#8230;<a href=https:\/\/www.torinotoday.it\/eventi\/sagra-cavolo-versa-montalto-dora-20-24-novembre.html>Continua la Lettura<\/a><\/p>\n","protected":false},"excerpt":{"rendered":"<p>Montalto Dora si veste a festa con la Sagra del Cavolo Verza! Dal 20 al 24 novembre, il pregiato ortaggio canavesano sar\u00e0 protagonista assoluto di una manifestazione che celebra la tradizione culinaria locale. La Supa \u2018d pan e c\u00f2j, la Bagna ca\u00f4da e il Cap\u00f4n\u00e8t sono solo alcune delle specialit\u00e0 che&#8230;<\/p>\n","protected":false},"author":1,"featured_media":162279,"comment_status":"closed","ping_status":"open","sticky":false,"template":"","format":"standard","meta":{"om_disable_all_campaigns":false,"_sitemap_exclude":false,"_sitemap_priority":"","_sitemap_frequency":"","_monsterinsights_skip_tracking":false,"_monsterinsights_sitenote_active":false,"_monsterinsights_sitenote_note":"","_monsterinsights_sitenote_category":0,"footnotes":""},"categories":[72],"tags":[],"class_list":["post-881783","post","type-post","status-publish","format-standard","has-post-thumbnail","hentry","category-da-torino"],"aioseo_notices":[],"_links":{"self":[{"href":"https:\/\/ticronometro.com\/wp\/wp-json\/wp\/v2\/posts\/881783","targetHints":{"allow":["GET"]}}],"collection":[{"href":"https:\/\/ticronometro.com\/wp\/wp-json\/wp\/v2\/posts"}],"about":[{"href":"https:\/\/ticronometro.com\/wp\/wp-json\/wp\/v2\/types\/post"}],"author":[{"embeddable":true,"href":"https:\/\/ticronometro.com\/wp\/wp-json\/wp\/v2\/users\/1"}],"replies":[{"embeddable":true,"href":"https:\/\/ticronometro.com\/wp\/wp-json\/wp\/v2\/comments?post=881783"}],"version-history":[{"count":0,"href":"https:\/\/ticronometro.com\/wp\/wp-json\/wp\/v2\/posts\/881783\/revisions"}],"wp:featuredmedia":[{"embeddable":true,"href":"https:\/\/ticronometro.com\/wp\/wp-json\/wp\/v2\/media\/162279"}],"wp:attachment":[{"href":"https:\/\/ticronometro.com\/wp\/wp-json\/wp\/v2\/media?parent=881783"}],"wp:term":[{"taxonomy":"category","embeddable":true,"href":"https:\/\/ticronometro.com\/wp\/wp-json\/wp\/v2\/categories?post=881783"},{"taxonomy":"post_tag","embeddable":true,"href":"https:\/\/ticronometro.com\/wp\/wp-json\/wp\/v2\/tags?post=881783"}],"curies":[{"name":"wp","href":"https:\/\/api.w.org\/{rel}","templated":true}]}}