{"id":786434,"date":"2024-10-23T14:00:34","date_gmt":"2024-10-23T12:00:34","guid":{"rendered":"https:\/\/ticronometro.com\/wp\/2024\/10\/bulletin-istituzionale\/citta-metropolitana-torino\/%f0%9f%91%89-presentato-questa-mattina-nello-spazio-urban-lab-torino-il-social-festival\/"},"modified":"2024-10-24T11:46:11","modified_gmt":"2024-10-24T09:46:11","slug":"%f0%9f%91%89-presentato-questa-mattina-nello-spazio-urban-lab-torino-il-social-festival","status":"publish","type":"post","link":"https:\/\/ticronometro.com\/wp\/2024\/10\/bulletin-istituzionale\/citta-metropolitana-torino\/%f0%9f%91%89-presentato-questa-mattina-nello-spazio-urban-lab-torino-il-social-festival\/","title":{"rendered":"\ud83d\udc49 Presentato questa mattina nello Spazio Urban Lab Torino il Social Festival\u2026"},"content":{"rendered":"<p>\ud83d\udc49 Presentato questa mattina nello Spazio Urban Lab Torino il Social Festival Comunit\u00e0 educative \u2013 Prendersi cura del mondo, il grande appuntamento dedicato ai mondi della scuola e dell\u2019educare che dal 4 al 9 novembre propone, per questa terza edizione, percorsi educativi di apprendimento alla sostenibilit\u00e0 ambientale tra scuola e territorio.<br \/>\ud83d\udccc Una settimana di lezioni magistrali, seminari, workshop, attivit\u00e0 con le classi, mostre espositive.<br \/>\u2705 77 eventi, pi\u00f9 di 200 voci dai mondi dell&#8217;arte, della pedagogia, delle scienze, della cura, per mettere al centro del pensiero i percorsi di crescita delle nuove generazioni.<br \/>\ud83d\udce3 &#8220;La sostenibilit\u00e0 ambientale \u2013 ha spiegato Caterina Greco, consigliera Citt\u00e0 metropolitana di Torino &#8211; \u00e8 prima di tutto sostenibilit\u00e0 sociale in grado di garantire che le condizioni di benessere siano equamente distribuite.  Nell\u2019edizione di questo festival daremo voce e spazio alle giovani generazioni, agli studenti e alle studentesse per essere al loro fianco nel costruire insieme una societ\u00e0 autenticamente inclusiva, coesa e solidale&#8221;.<br \/>con Citt\u00e0 di Torino Carlotta Salerno Lorenza Patriarca Animazione Sociale Universit\u00e0 degli Studi di Torino<a href=https:\/\/www.facebook.com\/764145600302630_938690378294431>Continua la Lettura<\/a><\/p>\n","protected":false},"excerpt":{"rendered":"<p>\ud83d\udc49 Presentato questa mattina nello Spazio Urban Lab Torino il Social Festival Comunit\u00e0 educative \u2013 Prendersi cura del mondo, il grande appuntamento dedicato ai mondi della scuola e dell\u2019educare che dal 4 al 9 novembre propone, per questa terza edizione, percorsi educativi di apprendimento alla sostenibilit\u00e0 ambientale tra scuola e territorio.<br \/>\n\ud83d\udccc Una settimana di lezioni magistrali, seminari, workshop, attivit\u00e0 con le classi, mostre espositive.<br \/>\n\u2705 77 eventi, pi\u00f9 di 200 voci dai mondi dell&#8217;arte, della pedagogia, delle scienze, della cura, per mettere al centro del pensiero i percorsi di crescita delle nuove generazioni.<br \/>\n\ud83d\udce3 &#8220;La sostenibilit\u00e0 ambientale \u2013 ha spiegato Caterina Greco, consigliera Citt\u00e0 metropolitana di Torino &#8211; \u00e8 prima di tutto sostenibilit\u00e0 sociale in grado di garantire che le condizioni di benessere siano equamente distribuite. Nell\u2019edizione di questo festival daremo voce e spazio alle giovani generazioni, agli studenti e alle studentesse per essere al loro fianco nel costruir..<\/p>\n","protected":false},"author":1,"featured_media":791235,"comment_status":"closed","ping_status":"open","sticky":false,"template":"","format":"standard","meta":{"om_disable_all_campaigns":false,"_sitemap_exclude":false,"_sitemap_priority":"","_sitemap_frequency":"","_monsterinsights_skip_tracking":false,"_monsterinsights_sitenote_active":false,"_monsterinsights_sitenote_note":"","_monsterinsights_sitenote_category":0,"footnotes":""},"categories":[62],"tags":[],"class_list":["post-786434","post","type-post","status-publish","format-standard","has-post-thumbnail","hentry","category-citta-metropolitana-torino"],"aioseo_notices":[],"_links":{"self":[{"href":"https:\/\/ticronometro.com\/wp\/wp-json\/wp\/v2\/posts\/786434","targetHints":{"allow":["GET"]}}],"collection":[{"href":"https:\/\/ticronometro.com\/wp\/wp-json\/wp\/v2\/posts"}],"about":[{"href":"https:\/\/ticronometro.com\/wp\/wp-json\/wp\/v2\/types\/post"}],"author":[{"embeddable":true,"href":"https:\/\/ticronometro.com\/wp\/wp-json\/wp\/v2\/users\/1"}],"replies":[{"embeddable":true,"href":"https:\/\/ticronometro.com\/wp\/wp-json\/wp\/v2\/comments?post=786434"}],"version-history":[{"count":0,"href":"https:\/\/ticronometro.com\/wp\/wp-json\/wp\/v2\/posts\/786434\/revisions"}],"wp:featuredmedia":[{"embeddable":true,"href":"https:\/\/ticronometro.com\/wp\/wp-json\/wp\/v2\/media\/791235"}],"wp:attachment":[{"href":"https:\/\/ticronometro.com\/wp\/wp-json\/wp\/v2\/media?parent=786434"}],"wp:term":[{"taxonomy":"category","embeddable":true,"href":"https:\/\/ticronometro.com\/wp\/wp-json\/wp\/v2\/categories?post=786434"},{"taxonomy":"post_tag","embeddable":true,"href":"https:\/\/ticronometro.com\/wp\/wp-json\/wp\/v2\/tags?post=786434"}],"curies":[{"name":"wp","href":"https:\/\/api.w.org\/{rel}","templated":true}]}}