{"id":586127,"date":"2024-09-18T12:59:17","date_gmt":"2024-09-18T10:59:17","guid":{"rendered":"https:\/\/ticronometro.com\/wp\/2024\/09\/bulletin-istituzionale\/citta-di-torino\/social-innovation-lab-da-torino-un-laboratorio-di-proposte-per-leuropa-sul-diritto-alla-casa\/"},"modified":"2024-09-20T12:35:20","modified_gmt":"2024-09-20T10:35:20","slug":"social-innovation-lab-da-torino-un-laboratorio-di-proposte-per-leuropa-sul-diritto-alla-casa","status":"publish","type":"post","link":"https:\/\/ticronometro.com\/wp\/2024\/09\/bulletin-istituzionale\/citta-di-torino\/social-innovation-lab-da-torino-un-laboratorio-di-proposte-per-leuropa-sul-diritto-alla-casa\/","title":{"rendered":"SOCIAL INNOVATION LAB, DA TORINO UN LABORATORIO DI PROPOSTE PER L\u2019EUROPA SUL DIRITTO ALLA CASA"},"content":{"rendered":"<p>Raccogliere idee e proposte per contribuire alla costruzione di un quadro normativo e politico pi\u00f9 solido in grado di rispondere efficacemente alla crisi abitativa e garantire un futuro migliore per le citt\u00e0 italiane ed europee. Questo in sintesi \u00e8 l\u2019obiettivo finale dei partecipanti al tavolo politico organizzato per questa mattina dalla Citt\u00e0 di Torino in collaborazione con Eurocities sul diritto alla casa, che si riunisce nella Sala Congregazioni di Palazzo Civico.<!--more--><\/p>\n<p>In apertura dei lavori &egrave; previsto un intervento del sindaco Stefano Lo Russo. Al tavolo, insieme all&rsquo;assessore alle Politiche Sociali e per la Casa della Citt&agrave; Jacopo Rosatelli, siedono gli assessori e i rappresentanti istituzionali delle Citt&agrave; di Roma, Bologna, Milano, Firenze, Napoli, Parma, Arezzo, Cesena, Brescia, Bergamo e Padova, il responsabile Fondi Abitare Sociale di Cassa Depositi e Prestiti Real Asset Filippo Catena e, in collegamento, la direttrice per l&rsquo;Impiego e gli Affari Sociali della Commissione Europea Ruth Paserman mentre le conclusioni sono affidate al segretario generale di Eurocities Andr&eacute; Sobczak.<\/p>\n<p><em>&ldquo;<\/em><em>Proprio ieri&ndash; <\/em>sottolinea il <strong>sindaco Stefano Lo Russo<\/strong><em>&ndash; la presidente della Commissione Europea Ursula von der Leyen ha nominato il danese Dan J&oslash;rgensen commissario con delega all&rsquo;edilizia abitativa. &Egrave; la prima volta nella storia che la Commissione Europea dedica un commissario alle politiche abitative e questo testimonia la crescente rilevanza che il tema sta assumendo e le necessarie ed urgenti azioni da mettere in campo per dare risposte concrete alla richiesta di abitazioni a prezzi accessibili per famiglie, anziani e studenti. Come amministrazione stiamo cercando di fare la nostra parte a livello locale, anche grazie agli investimenti del Pnrr, ma servono politiche e risorse mirate sul piano nazionale ed europeo&rdquo;<\/em>.<\/p>\n<p>Negli ultimi anni l&rsquo;emergenza abitativa &egrave; apparsa come una delle problematiche pi&ugrave; rilevanti per le citt&agrave; europee ed italiane. L&rsquo;aumento dei costi degli alloggi e l&rsquo;insufficienza di abitazioni adeguate a prezzi accessibili hanno portato molte amministrazioni locali a definire nuove politiche abitative innovative e sostenibili per arginare un fenomeno che rischia di minacciare la coesione sociale e lo sviluppo economico delle citt&agrave;. La crisi abitativa si manifesta in modo particolarmente acuto nei grandi centri urbani, dove i costi degli affitti e dei mutui hanno raggiunto livelli insostenibili per molte famiglie e su questa crisi grava anche l&rsquo;esponenziale aumento degli affitti brevi, la cui rapida diffusione richiede interventi mirati a contenere l&rsquo;impatto sull&rsquo;offerta di alloggi e sul tessuto socio-urbanistico. La Commissione Europea lavora su un piano europeo di alloggi a prezzi accessibili, che prevede una strategia per la costruzione di nuove unit&agrave; abitative e assistenza tecnica per citt&agrave; e Stati membri. Il piano include anche una piattaforma di investimento paneuropea per l&rsquo;edilizia abitativa sostenibile, in collaborazione con la Banca Europea per gli Investimenti, e la revisione delle norme sugli aiuti di Stato per sostenere l&rsquo;edilizia sociale ed efficiente dal punto di vista energetico.<\/p>\n<p>Il <strong>segretario generale di Eurocities Andr&eacute; Sobczak <\/strong>aggiunge: <em>&ldquo;Abbiamo organizzato, in collaborazione con la Citt&agrave; di Torino, questo tavolo di discussione con i rappresentanti delle amministrazioni civiche italiane sulla crisi abitativa per evidenziare un concetto chiaro ovvero che se la crisi abitativa colpisce tutte le citt&agrave; europee, diventa un problema dell&rsquo;Unione Europea che richiede una risposta a livello istituzionale a livello europeo. Dopo anni di lavoro per portare le aree urbane al centro dell&rsquo;agenda europea, siamo soddisfatti di vedere l&rsquo;istituzione di un Commissario europeo per la casa e un impegno politico concreto per affrontare la questione a livello UE e siamo pronti per lavorare con lui su tutte le dimensioni di questa crisi, certo l&rsquo;energia che figura nel suo titolo, ma anche tutte le altre dimensioni. Questo tavolo di confronto arriva in un momento cruciale, in cui le citt&agrave; possono assumere un ruolo di primo piano nella definizione della nuova agenda europea per la casa, che deve basarsi su un dialogo stabile e strategico tra le citt&agrave; e le istituzioni europee&rdquo;<\/em><\/p>\n<p>Il tavolo si riunisce dunque con l&rsquo;obiettivo di dare un contributo concreto a questo contesto dal punto di vista italiano. Cinque le priorit&agrave; di lavoro individuate: esaminare le principali problematiche legate alla crisi abitativa in Italia e comprenderne meglio le cause strutturali e i fattori che l&rsquo;amplificano; promuovere lo scambio di esperienze e buone pratiche tra le citt&agrave; italiane, evidenziando le strategie locali che si sono dimostrate efficaci nel migliorare l&rsquo;accesso per i cittadini ad alloggi dignitosi a prezzi accessibili; elaborare proposte concrete e coordinate a livello nazionale insieme agli stakeholder di riferimento; analizzare la nuova agenda europea per la casa con l&rsquo;obiettivo di allineare le strategie italiane con quelle europee e massimizzare l&rsquo;impatto delle iniziative comuni ed esplorare opportunit&agrave; di finanziamento a livello europeo e nazionale per sostenere la costruzione di nuovi alloggi sociali e l&rsquo;efficientamento energetico di quelli esistenti; rafforzare il ruolo delle citt&agrave; come attori chiave nella definizione delle politiche abitative nazionali ed europee, sottolineando l&rsquo;importanza di un approccio urbano integrato per risolvere la crisi abitativa.<\/p>\n<p>&ldquo;<em>Nei giorni scorsi &ndash; <\/em>spiega <strong>l&rsquo;assessore Jacopo Rosatelli<\/strong><em>&ndash; con i colleghi amministratori delle citt&agrave; partecipanti al tavolo ci siamo incontrati a Roma e abbiamo definito una serie di priorit&agrave; a livello nazionale da chiedere al Governo quali una legge quadro sull&rsquo;Edilizia Residenziale Pubblica e Sociale che garantisca l&rsquo;uniformit&agrave; territoriale nei diritti di accesso e permanenza all&rsquo;edilizia pubblica, l&rsquo;assegnazione gratuita ai Comuni di immobili inutilizzati, il rifinanziamento del Fondo Nazionale Locazione e del Fondo Nazionale Morosi Incolpevoli per sostenere le famiglie in difficolt&agrave;, una legge nazionale che regoli gli affitti brevi turistici per mitigare gli impatti negativi sul sistema abitativo, misure nazionali per le persone senza dimora. Da questa piattaforma partiremo per elaborare idee e proposte per l&rsquo;Europa&rdquo;.<\/em><\/p>\n<p>Il dibattito si inserisce nella pi&ugrave; ampia cornice della tre giorni di workshop e approfondimenti del Social Innovation Lab organizzato dall&rsquo;amministrazione comunale ed Eurocities che proseguir&agrave; nel pomeriggio nella sede di Toolbox in via Agostino da Montefeltro. Ad aprire i lavori alle 14.30 sar&agrave; l&rsquo;assessora alla Transizione Ecologica e Digitale Chiara Foglietta insieme al segretario generale di Eurocities Andr&eacute; Sobczak e al responsabile degli operatori sui problemi di persone senza dimora e con dipendenze del Comune di Glasgow Allan Casey.<\/p>\n<p>I lavori del Social Innovation Lab proseguiranno poi gioved&igrave; 19 con una serie di workshop in programma in mattinata a Cascina Fossata e visite a tre progetti sul territorio (Beeozanam, Luoghi Comuni San Salvario e Torino Solidale che Accoglie nel pomeriggio). Venerd&igrave; 20 l&rsquo;appuntamento &egrave; invece alla Nuvola Lavazza dove, ad aprire i lavori, sar&agrave; l&rsquo;assessore Jacopo Rosatelli e sono in programma un dibattito e alcuni workshop tematici.<\/p>\n<p><a href=https:\/\/comunicatistampa.comune.torino.it\/2024\/09\/social-innovation-lab-da-torino-un-laboratorio-di-proposte-per-leuropa-sul-diritto-alla-casa\/>continua la lettura<\/a><\/p>\n","protected":false},"excerpt":{"rendered":"<p>Raccogliere idee e proposte per contribuire alla costruzione di un quadro normativo e politico pi\u00f9 solido in grado di rispondere efficacemente alla crisi abitativa e garantire un futuro migliore per le citt\u00e0 italiane ed europee. Questo in sintesi \u00e8 l\u2019obiettivo finale dei partecipanti al tavolo politico organizzato per questa mattina dalla Citt\u00e0 di Torino in collaborazione con Eurocities sul diritto alla casa, che si riunisce nella Sala Congregazioni di Palazzo Civico.<\/p>\n<p>In apertura dei lavori \u00e8 previsto un intervento del sindaco Stefano Lo Russo. Al tavolo, insieme all\u2019assessore alle Politiche Sociali e per la Casa della Citt\u00e0 Jacopo Rosatelli, siedono gli assessori e i rappresentanti istituzionali delle Citt\u00e0 di Roma, Bologna, Milano, Firenze, Napoli, Parma, Arezzo, Cesena, Brescia, Bergamo e Padova, il responsabile Fondi Abitare Sociale di Cassa Depositi e Prestiti Real Asset Filippo Catena e, in collegamento, la direttrice per l\u2019Impiego e gli Affari Sociali della Commissione Europea ..<\/p>\n","protected":false},"author":1,"featured_media":9194,"comment_status":"closed","ping_status":"open","sticky":false,"template":"","format":"standard","meta":{"om_disable_all_campaigns":false,"_sitemap_exclude":false,"_sitemap_priority":"","_sitemap_frequency":"","_monsterinsights_skip_tracking":false,"_monsterinsights_sitenote_active":false,"_monsterinsights_sitenote_note":"","_monsterinsights_sitenote_category":0,"footnotes":""},"categories":[64],"tags":[],"class_list":["post-586127","post","type-post","status-publish","format-standard","has-post-thumbnail","hentry","category-citta-di-torino"],"aioseo_notices":[],"_links":{"self":[{"href":"https:\/\/ticronometro.com\/wp\/wp-json\/wp\/v2\/posts\/586127","targetHints":{"allow":["GET"]}}],"collection":[{"href":"https:\/\/ticronometro.com\/wp\/wp-json\/wp\/v2\/posts"}],"about":[{"href":"https:\/\/ticronometro.com\/wp\/wp-json\/wp\/v2\/types\/post"}],"author":[{"embeddable":true,"href":"https:\/\/ticronometro.com\/wp\/wp-json\/wp\/v2\/users\/1"}],"replies":[{"embeddable":true,"href":"https:\/\/ticronometro.com\/wp\/wp-json\/wp\/v2\/comments?post=586127"}],"version-history":[{"count":0,"href":"https:\/\/ticronometro.com\/wp\/wp-json\/wp\/v2\/posts\/586127\/revisions"}],"wp:featuredmedia":[{"embeddable":true,"href":"https:\/\/ticronometro.com\/wp\/wp-json\/wp\/v2\/media\/9194"}],"wp:attachment":[{"href":"https:\/\/ticronometro.com\/wp\/wp-json\/wp\/v2\/media?parent=586127"}],"wp:term":[{"taxonomy":"category","embeddable":true,"href":"https:\/\/ticronometro.com\/wp\/wp-json\/wp\/v2\/categories?post=586127"},{"taxonomy":"post_tag","embeddable":true,"href":"https:\/\/ticronometro.com\/wp\/wp-json\/wp\/v2\/tags?post=586127"}],"curies":[{"name":"wp","href":"https:\/\/api.w.org\/{rel}","templated":true}]}}