{"id":58089,"date":"2024-03-21T07:09:01","date_gmt":"2024-03-21T06:09:01","guid":{"rendered":"https:\/\/ticronometro.com\/wp\/2024\/03\/blog\/guglielmo-meltzeid-e-gjergj-kola-in-mostra-a-pianezza-gabriele-farina\/"},"modified":"2024-03-21T07:09:01","modified_gmt":"2024-03-21T06:09:01","slug":"guglielmo-meltzeid-e-gjergj-kola-in-mostra-a-pianezza-gabriele-farina","status":"publish","type":"post","link":"https:\/\/ticronometro.com\/wp\/2024\/03\/notizie-rss\/guglielmo-meltzeid-e-gjergj-kola-in-mostra-a-pianezza-gabriele-farina\/","title":{"rendered":"Guglielmo Meltzeid e Gjergj Kola in mostra a Pianezza Gabriele Farina"},"content":{"rendered":"<p><strong>PIANEZZA<\/strong> \u2013 Venerdi 22 marzo 2024 alle ore 18 si svolger\u00e0 presso la Galleria d\u2019Arte Contemporanea di Pianezza (Villa Casalegno, Via al Borgo 2) l\u2019inaugurazione della Mostra di Guglielmo Meltzeid e Gjergj Kola, che rimarr\u00e0 aperta al pubblico fino al 7 aprile 2024.<\/p>\n<p><strong>Guglielmo Meltzeid<\/strong> \u00e8 pittore di fama internazionale e residente a Pianezza che vanta una lunga storia di esposizioni in giro per il mondo (Stati Uniti, Russia, Regno Unito, Cina, Francia); ha inoltre realizzato opere in occasione di importanti eventi internazionali come le Olimpiadi. Nel 1996 \u00e8 stato nominato Ambasciatore Artistico di Portofino e Santa Margherita Ligure nel mondo.<\/p>\n<p><strong>Gjergj Kola<\/strong>, pittore di fama internazionale e referente artistico dell\u2019Albania nel mondo \u00e8 nato a Durazzo. Ha esposto nei pi\u00f9 famosi Musei del mondo, dal Louvre di Parigi a Casa Batl\u00f2 a Barcellona, e da anni \u00e8 titolare di un Atelier a Limone sul Garda, paese del quale si sente cittadino a tutti gli effetti. A Limone, infatti, ha prestato la sua arte per dipingere sui freddi muri di cemento di alcuni anonimi sottopassaggi stradali momenti di vita che sono<br \/>\ndiventati nel tempo una vera e propria attrazione.<\/p>\n<p>All\u2019inaugurazione della mostra, che si terr\u00e0 il 22 marzo alle ore 18, saranno presenti, oltre ai due pittori, l\u2019Ambasciatore dell\u2019Albania in Svizzera Mustafa Nano, il Sindaco di Pianezza Antonio Castello, il Sindaco di Limone sul Garda Antonio Martinelli, l\u2019Assessore alla Cultura di Pianezza Riccardo Gentile e il Presidente dell\u2019Associazione<br \/>\nCulturale Vitaliano Brancati, gi\u00e0 Console onorario d\u2019Albania, Giovanni Firera.<br \/>\nL\u2019evento si svolge con la preziosa ed importante collaborazione della Proloco Pianezzese.<br \/>\nL\u2019ingresso alla inaugurazione e alla mostra \u00e8 libero<\/p>\n<p>L&#8217;articolo <a href=\"https:\/\/www.quotidianopiemontese.it\/2024\/03\/21\/guglielmo-meltzeid-e-gjergj-kola-in-mostra-a-pianezza\/\">Guglielmo Meltzeid e Gjergj Kola in mostra a Pianezza<\/a> proviene da <a href=\"https:\/\/www.quotidianopiemontese.it\/\">Quotidiano Piemontese<\/a>.<\/p>\n<p><a href=\"https:\/\/www.quotidianopiemontese.it\/2024\/03\/21\/guglielmo-meltzeid-e-gjergj-kola-in-mostra-a-pianezza\/\" target=\"_blank\" class=\"feedzy-rss-link-icon\" rel=\"noopener\">Read More<\/a><\/p>","protected":false},"excerpt":{"rendered":"<p>PIANEZZA \u2013 Venerdi 22 marzo 2024 alle ore 18 si svolger\u00e0 presso la Galleria&hellip;<\/p>\n","protected":false},"author":0,"featured_media":58090,"comment_status":"","ping_status":"open","sticky":false,"template":"","format":"standard","meta":{"om_disable_all_campaigns":false,"_sitemap_exclude":false,"_sitemap_priority":"","_sitemap_frequency":"","_monsterinsights_skip_tracking":false,"_monsterinsights_sitenote_active":false,"_monsterinsights_sitenote_note":"","_monsterinsights_sitenote_category":0,"footnotes":""},"categories":[72,71],"tags":[],"class_list":["post-58089","post","type-post","status-publish","format-standard","has-post-thumbnail","hentry","category-da-torino","category-notizie-rss"],"aioseo_notices":[],"_links":{"self":[{"href":"https:\/\/ticronometro.com\/wp\/wp-json\/wp\/v2\/posts\/58089","targetHints":{"allow":["GET"]}}],"collection":[{"href":"https:\/\/ticronometro.com\/wp\/wp-json\/wp\/v2\/posts"}],"about":[{"href":"https:\/\/ticronometro.com\/wp\/wp-json\/wp\/v2\/types\/post"}],"replies":[{"embeddable":true,"href":"https:\/\/ticronometro.com\/wp\/wp-json\/wp\/v2\/comments?post=58089"}],"version-history":[{"count":0,"href":"https:\/\/ticronometro.com\/wp\/wp-json\/wp\/v2\/posts\/58089\/revisions"}],"wp:featuredmedia":[{"embeddable":true,"href":"https:\/\/ticronometro.com\/wp\/wp-json\/wp\/v2\/media\/58090"}],"wp:attachment":[{"href":"https:\/\/ticronometro.com\/wp\/wp-json\/wp\/v2\/media?parent=58089"}],"wp:term":[{"taxonomy":"category","embeddable":true,"href":"https:\/\/ticronometro.com\/wp\/wp-json\/wp\/v2\/categories?post=58089"},{"taxonomy":"post_tag","embeddable":true,"href":"https:\/\/ticronometro.com\/wp\/wp-json\/wp\/v2\/tags?post=58089"}],"curies":[{"name":"wp","href":"https:\/\/api.w.org\/{rel}","templated":true}]}}