{"id":564412,"date":"2024-09-12T14:16:22","date_gmt":"2024-09-12T12:16:22","guid":{"rendered":"https:\/\/ticronometro.com\/wp\/2024\/09\/bulletin-istituzionale\/citta-di-cirie\/%f0%9f%93%a2-%f0%9f%96%bc%ef%b8%8f-%f0%9f%8c%b3-come-evento-collaterale-alla-mostra-come-alberi-ospitata-in-%f0%9f%93%8d-villa\/"},"modified":"2024-09-19T10:30:58","modified_gmt":"2024-09-19T08:30:58","slug":"%f0%9f%93%a2-%f0%9f%96%bc%ef%b8%8f-%f0%9f%8c%b3-come-evento-collaterale-alla-mostra-come-alberi-ospitata-in-%f0%9f%93%8d-villa","status":"publish","type":"post","link":"https:\/\/ticronometro.com\/wp\/2024\/09\/bulletin-istituzionale\/citta-di-cirie\/%f0%9f%93%a2-%f0%9f%96%bc%ef%b8%8f-%f0%9f%8c%b3-come-evento-collaterale-alla-mostra-come-alberi-ospitata-in-%f0%9f%93%8d-villa\/","title":{"rendered":"\ud83d\udce2 \ud83d\uddbc\ufe0f \ud83c\udf33 Come evento collaterale alla mostra \u201cCome Alberi\u201d, ospitata in \ud83d\udccd Villa\u2026"},"content":{"rendered":"<p>\ud83d\udce2 \ud83d\uddbc\ufe0f \ud83c\udf33 Come evento collaterale alla mostra \u201cCome Alberi\u201d, ospitata in \ud83d\udccd Villa Remmert (via Rosmini 3) e organizzata dall\u2019associazione artistico-culturale #ToErgasterion, domani, venerd\u00ec 13 settembre, alle ore 21.00 nel Parco di Villa Remmert a Ciri\u00e8 le associazioni To Ergasterion e #ATA \u2013 Associazione Tutela Ambiente Ambiente APS presentano l&#8217;evento &#8220;Natura Animata&#8221;, incontro che esplora il profondo legame tra natura e uomo.<br \/>I relatori di questo interessante incontro, ad ingresso libero e gratuito, saranno Benedetta Gardino, Alessandra Melucci, Fulvio Anselmo<br \/>\ud83d\uddbc\ufe0f Nell&#8217;occasione la mostra \u201cCome Alberi\u201d rimarr\u00e0 aperta e visitabile fino alle ore 22.30.<br \/>#eventiaciri\u00e9<br \/>@To Ergasterion <br \/>L&#8217;evento \u00e8 patrocinato dalla Citt\u00e0 di Ciri\u00e9, dalla Citt\u00e0 metropolitana di Torino  e dalla Regione Piemonte.<a href=https:\/\/www.facebook.com\/1600891403502118_854505420154711>Continua la Lettura<\/a><\/p>\n","protected":false},"excerpt":{"rendered":"<p>\ud83d\udce2 \ud83d\uddbc\ufe0f \ud83c\udf33 Come evento collaterale alla mostra \u201cCome Alberi\u201d, ospitata in \ud83d\udccd Villa Remmert (via Rosmini 3) e organizzata dall\u2019associazione artistico-culturale #ToErgasterion, domani, venerd\u00ec 13 settembre, alle ore 21.00 nel Parco di Villa Remmert a Ciri\u00e8 le associazioni To Ergasterion e #ATA \u2013 Associazione Tutela Ambiente Ambiente APS presentano l&#8217;evento &#8220;Natura Animata&#8221;, incontro che esplora il profondo legame tra natura e uomo.<br \/>\nI relatori di questo interessante incontro, ad ingresso libero e gratuito, saranno Benedetta Gardino, Alessandra Melucci, Fulvio Anselmo<br \/>\n\ud83d\uddbc\ufe0f Nell&#8217;occasione la mostra \u201cCome Alberi\u201d rimarr\u00e0 aperta e visitabile fino alle ore 22.30.<br \/>\n#eventiaciri\u00e9<br \/>\n@To Ergasterion<br \/>\nL&#8217;evento \u00e8 patrocinato dalla Citt\u00e0 di Ciri\u00e9, dalla Citt\u00e0 metropolitana di Torino e dalla Regione Piemonte.<\/p>\n","protected":false},"author":1,"featured_media":589342,"comment_status":"closed","ping_status":"open","sticky":false,"template":"","format":"standard","meta":{"om_disable_all_campaigns":false,"_sitemap_exclude":false,"_sitemap_priority":"","_sitemap_frequency":"","_monsterinsights_skip_tracking":false,"_monsterinsights_sitenote_active":false,"_monsterinsights_sitenote_note":"","_monsterinsights_sitenote_category":0,"footnotes":""},"categories":[178],"tags":[],"class_list":["post-564412","post","type-post","status-publish","format-standard","has-post-thumbnail","hentry","category-citta-di-cirie"],"aioseo_notices":[],"_links":{"self":[{"href":"https:\/\/ticronometro.com\/wp\/wp-json\/wp\/v2\/posts\/564412","targetHints":{"allow":["GET"]}}],"collection":[{"href":"https:\/\/ticronometro.com\/wp\/wp-json\/wp\/v2\/posts"}],"about":[{"href":"https:\/\/ticronometro.com\/wp\/wp-json\/wp\/v2\/types\/post"}],"author":[{"embeddable":true,"href":"https:\/\/ticronometro.com\/wp\/wp-json\/wp\/v2\/users\/1"}],"replies":[{"embeddable":true,"href":"https:\/\/ticronometro.com\/wp\/wp-json\/wp\/v2\/comments?post=564412"}],"version-history":[{"count":0,"href":"https:\/\/ticronometro.com\/wp\/wp-json\/wp\/v2\/posts\/564412\/revisions"}],"wp:featuredmedia":[{"embeddable":true,"href":"https:\/\/ticronometro.com\/wp\/wp-json\/wp\/v2\/media\/589342"}],"wp:attachment":[{"href":"https:\/\/ticronometro.com\/wp\/wp-json\/wp\/v2\/media?parent=564412"}],"wp:term":[{"taxonomy":"category","embeddable":true,"href":"https:\/\/ticronometro.com\/wp\/wp-json\/wp\/v2\/categories?post=564412"},{"taxonomy":"post_tag","embeddable":true,"href":"https:\/\/ticronometro.com\/wp\/wp-json\/wp\/v2\/tags?post=564412"}],"curies":[{"name":"wp","href":"https:\/\/api.w.org\/{rel}","templated":true}]}}