{"id":557739,"date":"2024-09-11T19:00:01","date_gmt":"2024-09-11T17:00:01","guid":{"rendered":"https:\/\/ticronometro.com\/wp\/2024\/09\/notizie-rss\/da-torino\/salone-dellauto-si-parte-ecco-la-mappa-dellevento-e-gli-appuntamenti-da-non-perdere\/"},"modified":"2024-09-11T22:45:35","modified_gmt":"2024-09-11T20:45:35","slug":"salone-dellauto-si-parte-ecco-la-mappa-dellevento-e-gli-appuntamenti-da-non-perdere","status":"publish","type":"post","link":"https:\/\/ticronometro.com\/wp\/2024\/09\/notizie-rss\/da-torino\/salone-dellauto-si-parte-ecco-la-mappa-dellevento-e-gli-appuntamenti-da-non-perdere\/","title":{"rendered":"Salone dell\u2019Auto, si parte: ecco la mappa dell&#8217;evento e gli appuntamenti da non perdere"},"content":{"rendered":"<table>\n<tr>\n<td><img decoding=\"async\" src=\"https:\/\/torinocronaca.it\/resizer\/300\/200\/true\/2024_09_11\/DIMT5762-1726075660502.jpg--salone_dell_auto_2024.jpg?1726075660987\"\/>Dal 13 al 15 settembre tre giorni di festa per le vie del centro di Torino <br \/>\u00c8 tutto pronto per il Salone Auto Torino, il grande evento che si svolger\u00e0 dal 13 al 15 settembre lungo le vie del centro della citt\u00e0. Salone Auto Torino sar\u00e0 a ingresso gratuito e si svolger\u00e0 dal 13 al 15 settembre. P<\/td>\n<\/tr>\n<\/table>\n<p><a href=https:\/\/torinocronaca.it\/news\/torino\/369881\/salone-dellauto-si-parte-ecco-la-mappa-dell-evento-e-gli-appuntamenti-da-non-perdere.html>Continua la Lettura<\/a><\/p>\n","protected":false},"excerpt":{"rendered":"<p>Dal 13 al 15 settembre tre giorni di festa per le vie del centro di Torino<br \/>\n\u00c8 tutto pronto per il Salone Auto Torino, il grande evento che si svolger\u00e0 dal 13 al 15 settembre lungo le vie del centro della citt\u00e0. Salone Auto Torino sar\u00e0 a ingresso gratuito e si svolger\u00e0 dal 13 al 15 settembre. P<\/p>\n","protected":false},"author":1,"featured_media":165999,"comment_status":"closed","ping_status":"open","sticky":false,"template":"","format":"standard","meta":{"om_disable_all_campaigns":false,"_sitemap_exclude":false,"_sitemap_priority":"","_sitemap_frequency":"","_monsterinsights_skip_tracking":false,"_monsterinsights_sitenote_active":false,"_monsterinsights_sitenote_note":"","_monsterinsights_sitenote_category":0,"footnotes":""},"categories":[72],"tags":[],"class_list":["post-557739","post","type-post","status-publish","format-standard","has-post-thumbnail","hentry","category-da-torino"],"aioseo_notices":[],"_links":{"self":[{"href":"https:\/\/ticronometro.com\/wp\/wp-json\/wp\/v2\/posts\/557739","targetHints":{"allow":["GET"]}}],"collection":[{"href":"https:\/\/ticronometro.com\/wp\/wp-json\/wp\/v2\/posts"}],"about":[{"href":"https:\/\/ticronometro.com\/wp\/wp-json\/wp\/v2\/types\/post"}],"author":[{"embeddable":true,"href":"https:\/\/ticronometro.com\/wp\/wp-json\/wp\/v2\/users\/1"}],"replies":[{"embeddable":true,"href":"https:\/\/ticronometro.com\/wp\/wp-json\/wp\/v2\/comments?post=557739"}],"version-history":[{"count":0,"href":"https:\/\/ticronometro.com\/wp\/wp-json\/wp\/v2\/posts\/557739\/revisions"}],"wp:featuredmedia":[{"embeddable":true,"href":"https:\/\/ticronometro.com\/wp\/wp-json\/wp\/v2\/media\/165999"}],"wp:attachment":[{"href":"https:\/\/ticronometro.com\/wp\/wp-json\/wp\/v2\/media?parent=557739"}],"wp:term":[{"taxonomy":"category","embeddable":true,"href":"https:\/\/ticronometro.com\/wp\/wp-json\/wp\/v2\/categories?post=557739"},{"taxonomy":"post_tag","embeddable":true,"href":"https:\/\/ticronometro.com\/wp\/wp-json\/wp\/v2\/tags?post=557739"}],"curies":[{"name":"wp","href":"https:\/\/api.w.org\/{rel}","templated":true}]}}