{"id":54086,"date":"2024-03-15T14:42:05","date_gmt":"2024-03-15T13:42:05","guid":{"rendered":"https:\/\/ticronometro.com\/wp\/2024\/03\/blog\/in-sala-rossa-il-giuramento-per-la-cittadinanza-italiana\/"},"modified":"2024-03-15T14:42:05","modified_gmt":"2024-03-15T13:42:05","slug":"in-sala-rossa-il-giuramento-per-la-cittadinanza-italiana","status":"publish","type":"post","link":"https:\/\/ticronometro.com\/wp\/2024\/03\/bulletin-istituzionale\/in-sala-rossa-il-giuramento-per-la-cittadinanza-italiana\/","title":{"rendered":"In Sala Rossa il giuramento per la cittadinanza italiana"},"content":{"rendered":"<p> Pronunciando la frase \u201cGiuro di essere fedele alla Repubblica e di osservare la Costituzione e le Leggi dello Stato\u201d dieci donne e uomini provenienti da Albania, Brasile, Ecuador, Egitto, Filippine, Marocco, Moldavia, Nigeria, Per\u00f9 e Romania, questa mattina sono diventati cittadini italiani. E\u2019 successo in Sala Rossa a Palazzo Civico, nell\u2019ambito della cerimonia del \u201cGiuramento per l\u2019acquisto della cittadinanza italiana\u201d, protagonisti cittadini torinesi originari di Paesi <a class=\"x1i10hfl xjbqb8w x1ejq31n xd10rxx x1sy0etr x17r0tee x972fbf xcfux6l x1qhh985 xm0m39n x9f619 x1ypdohk xt0psk2 xe8uvvx xdj266r x11i5rnm xat24cr x1mh8g0r xexx8yu x4uap5 x18d9i69 xkhd6sd x16tdsg8 x1hl2dhg xggy1nq x1a2a7pz xt0b8zv x1fey0fg xo1l8bm\" href=\"https:\/\/www.facebook.com\/hashtag\/stranieri?__eep__=6&amp;__cft__%5B0%5D=AZX1vFNYnREYdOZjVZTD0WmUZsyH1SjFuJlInu6HsDjCoOUTewkOQR_s1wgX7yxIuDcblEySgdTGMgFddvz8NbmuBxPuKBg1moNNuqD1yYUSEmEkRypg1PLMaxdac12ixWQ&amp;__tn__=*NK-R\">#stranieri<\/a>, che hanno concluso la procedura firmando l\u2019atto di stato civile. Al termine, \u00e8 stata loro consegnata una copia della nostra <a class=\"x1i10hfl xjbqb8w x1ejq31n xd10rxx x1sy0etr x17r0tee x972fbf xcfux6l x1qhh985 xm0m39n x9f619 x1ypdohk xt0psk2 xe8uvvx xdj266r x11i5rnm xat24cr x1mh8g0r xexx8yu x4uap5 x18d9i69 xkhd6sd x16tdsg8 x1hl2dhg xggy1nq x1a2a7pz xt0b8zv x1fey0fg xo1l8bm\" href=\"https:\/\/www.facebook.com\/hashtag\/costituzione?__eep__=6&amp;__cft__%5B0%5D=AZX1vFNYnREYdOZjVZTD0WmUZsyH1SjFuJlInu6HsDjCoOUTewkOQR_s1wgX7yxIuDcblEySgdTGMgFddvz8NbmuBxPuKBg1moNNuqD1yYUSEmEkRypg1PLMaxdac12ixWQ&amp;__tn__=*NK-R\">#Costituzione<\/a> e una stampa storica della Citt\u00e0 di Torino, in ricordo della giornata. Alla cerimonia erano presenti la presidente del Consiglio comunale <a class=\"x1i10hfl xjbqb8w x1ejq31n xd10rxx x1sy0etr x17r0tee x972fbf xcfux6l x1qhh985 xm0m39n x9f619 x1ypdohk xt0psk2 xe8uvvx xdj266r x11i5rnm xat24cr x1mh8g0r xexx8yu x4uap5 x18d9i69 xkhd6sd x16tdsg8 x1hl2dhg xggy1nq x1a2a7pz xt0b8zv x1fey0fg xo1l8bm\" href=\"https:\/\/www.facebook.com\/mariagrazia.grippo.3?__cft__%5B0%5D=AZX1vFNYnREYdOZjVZTD0WmUZsyH1SjFuJlInu6HsDjCoOUTewkOQR_s1wgX7yxIuDcblEySgdTGMgFddvz8NbmuBxPuKBg1moNNuqD1yYUSEmEkRypg1PLMaxdac12ixWQ&amp;__tn__=-%5DK-R\"><span class=\"xt0psk2\">Maria Grazia Grippo<\/span><\/a> e il vicepresidente vicario <a class=\"x1i10hfl xjbqb8w x1ejq31n xd10rxx x1sy0etr x17r0tee x972fbf xcfux6l x1qhh985 xm0m39n x9f619 x1ypdohk xt0psk2 xe8uvvx xdj266r x11i5rnm xat24cr x1mh8g0r xexx8yu x4uap5 x18d9i69 xkhd6sd x16tdsg8 x1hl2dhg xggy1nq x1a2a7pz xt0b8zv x1fey0fg xo1l8bm\" href=\"https:\/\/www.facebook.com\/domenico.garcea.7?__cft__%5B0%5D=AZX1vFNYnREYdOZjVZTD0WmUZsyH1SjFuJlInu6HsDjCoOUTewkOQR_s1wgX7yxIuDcblEySgdTGMgFddvz8NbmuBxPuKBg1moNNuqD1yYUSEmEkRypg1PLMaxdac12ixWQ&amp;__tn__=-%5DK-R\"><span class=\"xt0psk2\">Domenico Garcea<\/span><\/a>, l\u2019assessore ai servizi civici <a class=\"x1i10hfl xjbqb8w x1ejq31n xd10rxx x1sy0etr x17r0tee x972fbf xcfux6l x1qhh985 xm0m39n x9f619 x1ypdohk xt0psk2 xe8uvvx xdj266r x11i5rnm xat24cr x1mh8g0r xexx8yu x4uap5 x18d9i69 xkhd6sd x16tdsg8 x1hl2dhg xggy1nq x1a2a7pz xt0b8zv x1fey0fg xo1l8bm\" href=\"https:\/\/www.facebook.com\/francescotressotorino?__cft__%5B0%5D=AZX1vFNYnREYdOZjVZTD0WmUZsyH1SjFuJlInu6HsDjCoOUTewkOQR_s1wgX7yxIuDcblEySgdTGMgFddvz8NbmuBxPuKBg1moNNuqD1yYUSEmEkRypg1PLMaxdac12ixWQ&amp;__tn__=-%5DK-R\"><span class=\"xt0psk2\">Francesco Tresso<\/span><\/a>, numerosi consiglieri comunali. Nel suo saluto, la presidente ha ricordato come si sia scelto di organizzare questo momento solenne per onorare l\u2019impegno, preso nell\u2019autunno scorso dal Consiglio comunale, di ripristinare un momento istituzionale per le nuove cittadinanze, prassi un tempo consolidata e interrotta a causa della pandemia. Per il forte valore simbolico che riveste l\u2019occasione, la scelta del luogo e della data, ha continuato Grippo, sono invece cadute sulla Sala Rossa e sui giorni che precedono la ricorrenza dell\u2019Unit\u00e0 d\u2019Italia. Un modo per trasmettere ai nuovi cittadini l\u2019abbraccio delle istituzioni e della citt\u00e0 intera. Anche Tresso, concludendo i saluti istituzionali, ha rivendicato la scelta della Sala Rossa come luogo simbolico dove accogliere in modo adeguato persone che, pur arrivando da altre nazioni, hanno deciso di fermarsi nella nostra citt\u00e0 per costruire il proprio futuro. Una citt\u00e0, peraltro, riconosciuta da sempre per la sua proverbiale propensione all\u2019accoglienza, che sapr\u00e0 integrare anche questi nuovi cittadini. Non pi\u00f9 stranieri, ma torinesi che, con la loro cultura, i valori, i saperi, renderanno a loro volta pi\u00f9 ricca la nostra comunit\u00e0.<\/p>\n<p><strong><em>Marcello Longhin<\/em><\/strong><\/p>\n<p><a href=\"http:\/\/www.comune.torino.it\/cittagora\/in-evidenza\/in-sala-rossa-il-giuramento-per-la-cittadinanza-italiana.html\" target=\"_blank\" class=\"feedzy-rss-link-icon\" rel=\"noopener\">Read More<\/a><\/p>","protected":false},"excerpt":{"rendered":"<p>Pronunciando la frase \u201cGiuro di essere fedele alla Repubblica e di osservare la Costituzione&hellip;<\/p>\n","protected":false},"author":0,"featured_media":0,"comment_status":"","ping_status":"open","sticky":false,"template":"","format":"standard","meta":{"om_disable_all_campaigns":false,"_sitemap_exclude":false,"_sitemap_priority":"","_sitemap_frequency":"","_monsterinsights_skip_tracking":false,"_monsterinsights_sitenote_active":false,"_monsterinsights_sitenote_note":"","_monsterinsights_sitenote_category":0,"footnotes":""},"categories":[60,64],"tags":[],"class_list":["post-54086","post","type-post","status-publish","format-standard","hentry","category-bulletin-istituzionale","category-citta-di-torino"],"aioseo_notices":[],"_links":{"self":[{"href":"https:\/\/ticronometro.com\/wp\/wp-json\/wp\/v2\/posts\/54086","targetHints":{"allow":["GET"]}}],"collection":[{"href":"https:\/\/ticronometro.com\/wp\/wp-json\/wp\/v2\/posts"}],"about":[{"href":"https:\/\/ticronometro.com\/wp\/wp-json\/wp\/v2\/types\/post"}],"replies":[{"embeddable":true,"href":"https:\/\/ticronometro.com\/wp\/wp-json\/wp\/v2\/comments?post=54086"}],"version-history":[{"count":0,"href":"https:\/\/ticronometro.com\/wp\/wp-json\/wp\/v2\/posts\/54086\/revisions"}],"wp:attachment":[{"href":"https:\/\/ticronometro.com\/wp\/wp-json\/wp\/v2\/media?parent=54086"}],"wp:term":[{"taxonomy":"category","embeddable":true,"href":"https:\/\/ticronometro.com\/wp\/wp-json\/wp\/v2\/categories?post=54086"},{"taxonomy":"post_tag","embeddable":true,"href":"https:\/\/ticronometro.com\/wp\/wp-json\/wp\/v2\/tags?post=54086"}],"curies":[{"name":"wp","href":"https:\/\/api.w.org\/{rel}","templated":true}]}}