{"id":480850,"date":"2024-08-24T16:10:10","date_gmt":"2024-08-24T14:10:10","guid":{"rendered":"https:\/\/ticronometro.com\/wp\/2024\/08\/notizie-rss\/da-torino\/bellanova-qual-e-la-verita-vanoli-venduto-a-mia-insaputa-non-sono-daccordo-e-ora-ce-latalanta-di-gasperini\/"},"modified":"2024-08-25T08:39:51","modified_gmt":"2024-08-25T06:39:51","slug":"bellanova-qual-e-la-verita-vanoli-venduto-a-mia-insaputa-non-sono-daccordo-e-ora-ce-latalanta-di-gasperini","status":"publish","type":"post","link":"https:\/\/ticronometro.com\/wp\/2024\/08\/notizie-rss\/da-torino\/bellanova-qual-e-la-verita-vanoli-venduto-a-mia-insaputa-non-sono-daccordo-e-ora-ce-latalanta-di-gasperini\/","title":{"rendered":"Bellanova, qual \u00e8 la verit\u00e0? Vanoli: &#8220;Venduto a mia insaputa, non sono d&#8217;accordo&#8221;. E ora c&#8217;\u00e8 l&#8217;Atalanta di Gasperini"},"content":{"rendered":"<table>\n<tr>\n<td><img decoding=\"async\" src=\"https:\/\/torinocronaca.it\/resizer\/300\/200\/true\/2024_08_13\/WhatsApp_Image_2024-08-13_at_20.43.05-1723574864607.jpeg--bellanova__qual_e_la_verita__vanoli___venduto_a_mia_insaputa__non_sono_d_accordo___e_ora_c_e_l_atalanta_di_gasperini.jpeg?1723574864732\"\/>Il tecnico d\u00e0 uno &#8220;schiaffo&#8221; al patron: &#8220;Fiducia in Cairo? Io ho fiducia nel mio lavoro&#8230;E l&#8217;addio di Raoul non diventi un alibi&#8221; <br \/>Per Urbano Cairo aveva \u201cmal di pancia\u201d, per Paolo Vanoli la situazione \u00e8 un po\u2019 diversa. \u00abCon Bellanova \u00e8 avvenuto tutto in un lampo, \u00e8 stato ceduto a mia insaput<\/td>\n<\/tr>\n<\/table>\n<p><a href=https:\/\/torinocronaca.it\/news\/sport\/359426\/bellanova-qual-e-la-verita-vanoli-venduto-a-mia-insaputa-non-sono-d-accordo-e-ora-c-e-l-atalanta-di-gasperini.html>Continua la lettura<\/a><\/p>\n<p>&#8212;&#8212;&#8212;&#8212;&#8212;&#8212;&#8212;&#8212;&#8212;&#8212;&#8212;&#8212;&#8212;&#8212;&#8212;<\/p>\n","protected":false},"excerpt":{"rendered":"<p>Il tecnico d\u00e0 uno &#8220;schiaffo&#8221; al patron: &#8220;Fiducia in Cairo? Io ho fiducia nel mio lavoro&#8230;E l&#8217;addio di Raoul non diventi un alibi&#8221;<br \/>\nPer Urbano Cairo aveva \u201cmal di pancia\u201d, per Paolo Vanoli la situazione \u00e8 un po\u2019 diversa. \u00abCon Bellanova \u00e8 avvenuto tutto in un lampo, \u00e8 stato ceduto a mia insaput<\/p>\n","protected":false},"author":1,"featured_media":165999,"comment_status":"closed","ping_status":"open","sticky":false,"template":"","format":"standard","meta":{"om_disable_all_campaigns":false,"_sitemap_exclude":false,"_sitemap_priority":"","_sitemap_frequency":"","_monsterinsights_skip_tracking":false,"_monsterinsights_sitenote_active":false,"_monsterinsights_sitenote_note":"","_monsterinsights_sitenote_category":0,"footnotes":""},"categories":[72],"tags":[],"class_list":["post-480850","post","type-post","status-publish","format-standard","has-post-thumbnail","hentry","category-da-torino"],"aioseo_notices":[],"_links":{"self":[{"href":"https:\/\/ticronometro.com\/wp\/wp-json\/wp\/v2\/posts\/480850","targetHints":{"allow":["GET"]}}],"collection":[{"href":"https:\/\/ticronometro.com\/wp\/wp-json\/wp\/v2\/posts"}],"about":[{"href":"https:\/\/ticronometro.com\/wp\/wp-json\/wp\/v2\/types\/post"}],"author":[{"embeddable":true,"href":"https:\/\/ticronometro.com\/wp\/wp-json\/wp\/v2\/users\/1"}],"replies":[{"embeddable":true,"href":"https:\/\/ticronometro.com\/wp\/wp-json\/wp\/v2\/comments?post=480850"}],"version-history":[{"count":0,"href":"https:\/\/ticronometro.com\/wp\/wp-json\/wp\/v2\/posts\/480850\/revisions"}],"wp:featuredmedia":[{"embeddable":true,"href":"https:\/\/ticronometro.com\/wp\/wp-json\/wp\/v2\/media\/165999"}],"wp:attachment":[{"href":"https:\/\/ticronometro.com\/wp\/wp-json\/wp\/v2\/media?parent=480850"}],"wp:term":[{"taxonomy":"category","embeddable":true,"href":"https:\/\/ticronometro.com\/wp\/wp-json\/wp\/v2\/categories?post=480850"},{"taxonomy":"post_tag","embeddable":true,"href":"https:\/\/ticronometro.com\/wp\/wp-json\/wp\/v2\/tags?post=480850"}],"curies":[{"name":"wp","href":"https:\/\/api.w.org\/{rel}","templated":true}]}}