{"id":378133,"date":"2024-08-06T07:26:03","date_gmt":"2024-08-06T05:26:03","guid":{"rendered":"https:\/\/ticronometro.com\/wp\/2024\/08\/notizie-rss\/da-torino\/allerta-per-temporali-di-forte-intensita-grandine-e-vento-il-comune-adottare-comportamenti-responsabili\/"},"modified":"2024-08-06T08:59:39","modified_gmt":"2024-08-06T06:59:39","slug":"allerta-per-temporali-di-forte-intensita-grandine-e-vento-il-comune-adottare-comportamenti-responsabili","status":"publish","type":"post","link":"https:\/\/ticronometro.com\/wp\/2024\/08\/notizie-rss\/da-torino\/allerta-per-temporali-di-forte-intensita-grandine-e-vento-il-comune-adottare-comportamenti-responsabili\/","title":{"rendered":"Allerta per temporali di forte intensit\u00e0, grandine e vento. Il Comune: &#8220;Adottare comportamenti responsabili&#8221;"},"content":{"rendered":"<p><img decoding=\"async\" src=\"https:\/\/citynews-torinotoday.stgy.ovh\/~media\/original-hi\/37065699512946\/nubifragio-con-grandine-lapresse.jpg\" alt=\"Allerta per temporali di forte intensit\u00e0, grandine e vento. Il Comune: &quot;Adottare comportamenti responsabili&quot;\"\/> In Piemonte oggi aumenta l&#039;instabilit\u00e0 atmosferica. Arpa prevede rovesci e temporali sparsi, anche localmente forti, che interesseranno la regione nel pomeriggio di marted\u00ec 6 e nella giornata di mercoled\u00ec 7 agosto. Gioved\u00ec 8 agosto una nuova espansione dell&#039;anticiclone sul Mediterraneo&#8230;<\/p>\n","protected":false},"excerpt":{"rendered":"<p>In Piemonte oggi aumenta l&#8217;instabilit\u00e0 atmosferica. Arpa prevede rovesci e temporali sparsi, anche localmente forti, che interesseranno la regione nel pomeriggio di marted\u00ec 6 e nella giornata di mercoled\u00ec 7 agosto. Gioved\u00ec 8 agosto una nuova espansione dell&#8217;anticiclone sul Mediterraneo&#8230;<\/p>\n","protected":false},"author":1,"featured_media":0,"comment_status":"closed","ping_status":"open","sticky":false,"template":"","format":"standard","meta":{"om_disable_all_campaigns":false,"_sitemap_exclude":false,"_sitemap_priority":"","_sitemap_frequency":"","_monsterinsights_skip_tracking":false,"_monsterinsights_sitenote_active":false,"_monsterinsights_sitenote_note":"","_monsterinsights_sitenote_category":0,"footnotes":""},"categories":[72],"tags":[],"class_list":["post-378133","post","type-post","status-publish","format-standard","hentry","category-da-torino"],"aioseo_notices":[],"_links":{"self":[{"href":"https:\/\/ticronometro.com\/wp\/wp-json\/wp\/v2\/posts\/378133","targetHints":{"allow":["GET"]}}],"collection":[{"href":"https:\/\/ticronometro.com\/wp\/wp-json\/wp\/v2\/posts"}],"about":[{"href":"https:\/\/ticronometro.com\/wp\/wp-json\/wp\/v2\/types\/post"}],"author":[{"embeddable":true,"href":"https:\/\/ticronometro.com\/wp\/wp-json\/wp\/v2\/users\/1"}],"replies":[{"embeddable":true,"href":"https:\/\/ticronometro.com\/wp\/wp-json\/wp\/v2\/comments?post=378133"}],"version-history":[{"count":0,"href":"https:\/\/ticronometro.com\/wp\/wp-json\/wp\/v2\/posts\/378133\/revisions"}],"wp:attachment":[{"href":"https:\/\/ticronometro.com\/wp\/wp-json\/wp\/v2\/media?parent=378133"}],"wp:term":[{"taxonomy":"category","embeddable":true,"href":"https:\/\/ticronometro.com\/wp\/wp-json\/wp\/v2\/categories?post=378133"},{"taxonomy":"post_tag","embeddable":true,"href":"https:\/\/ticronometro.com\/wp\/wp-json\/wp\/v2\/tags?post=378133"}],"curies":[{"name":"wp","href":"https:\/\/api.w.org\/{rel}","templated":true}]}}