{"id":328998,"date":"2024-07-27T07:38:09","date_gmt":"2024-07-27T05:38:09","guid":{"rendered":"https:\/\/ticronometro.com\/wp\/2024\/07\/notizie-rss\/da-torino\/incidente-sul-lavoro-a-lusiglie-urtata-da-un-muletto-cade-e-batte-violentemente-la-testa\/"},"modified":"2024-07-27T09:51:31","modified_gmt":"2024-07-27T07:51:31","slug":"incidente-sul-lavoro-a-lusiglie-urtata-da-un-muletto-cade-e-batte-violentemente-la-testa","status":"publish","type":"post","link":"https:\/\/ticronometro.com\/wp\/2024\/07\/notizie-rss\/da-torino\/incidente-sul-lavoro-a-lusiglie-urtata-da-un-muletto-cade-e-batte-violentemente-la-testa\/","title":{"rendered":"Incidente sul lavoro a Lusigli\u00e9: urtata da un muletto, cade e batte violentemente la testa"},"content":{"rendered":"<p><img decoding=\"async\" src=\"https:\/\/citynews-torinotoday.stgy.ovh\/~media\/original-hi\/26175729816936\/soccorsi-ambulanza-2.jpg\" alt=\"Incidente sul lavoro a Lusigli&eacute;: urtata da un muletto, cade e batte violentemente la testa\"\/> Incidente sul lavoro ieri pomeriggio, venerd\u00ec 26 luglio 2024, in un&#8217;azienda meccanica di Lusigli\u00e8. Una donna \u00e8 stata urtata da un muletto in movimento e, cadendo a terra, ha sbattuto violentemente il capo. I colleghi hanno immediatamente dato l&#8217;allarme, chiamando il 112, e prestando all&#8217;operaia&#8230;<br \/><a href=https:\/\/www.torinotoday.it\/cronaca\/lusiglie-incidente-lavoro-donna-urtata-muletto.html>continua la lettura su TorinoToday.it<\/a><\/p>\n","protected":false},"excerpt":{"rendered":"<p>Incidente sul lavoro ieri pomeriggio, venerd\u00ec 26 luglio 2024, in un&#8217;azienda meccanica di Lusigli\u00e8. Una donna \u00e8 stata urtata da un muletto in movimento e, cadendo a terra, ha sbattuto violentemente il ..<\/p>\n","protected":false},"author":1,"featured_media":162279,"comment_status":"closed","ping_status":"open","sticky":false,"template":"","format":"standard","meta":{"om_disable_all_campaigns":false,"_sitemap_exclude":false,"_sitemap_priority":"","_sitemap_frequency":"","_monsterinsights_skip_tracking":false,"_monsterinsights_sitenote_active":false,"_monsterinsights_sitenote_note":"","_monsterinsights_sitenote_category":0,"footnotes":""},"categories":[72],"tags":[],"class_list":["post-328998","post","type-post","status-publish","format-standard","has-post-thumbnail","hentry","category-da-torino"],"aioseo_notices":[],"_links":{"self":[{"href":"https:\/\/ticronometro.com\/wp\/wp-json\/wp\/v2\/posts\/328998","targetHints":{"allow":["GET"]}}],"collection":[{"href":"https:\/\/ticronometro.com\/wp\/wp-json\/wp\/v2\/posts"}],"about":[{"href":"https:\/\/ticronometro.com\/wp\/wp-json\/wp\/v2\/types\/post"}],"author":[{"embeddable":true,"href":"https:\/\/ticronometro.com\/wp\/wp-json\/wp\/v2\/users\/1"}],"replies":[{"embeddable":true,"href":"https:\/\/ticronometro.com\/wp\/wp-json\/wp\/v2\/comments?post=328998"}],"version-history":[{"count":0,"href":"https:\/\/ticronometro.com\/wp\/wp-json\/wp\/v2\/posts\/328998\/revisions"}],"wp:featuredmedia":[{"embeddable":true,"href":"https:\/\/ticronometro.com\/wp\/wp-json\/wp\/v2\/media\/162279"}],"wp:attachment":[{"href":"https:\/\/ticronometro.com\/wp\/wp-json\/wp\/v2\/media?parent=328998"}],"wp:term":[{"taxonomy":"category","embeddable":true,"href":"https:\/\/ticronometro.com\/wp\/wp-json\/wp\/v2\/categories?post=328998"},{"taxonomy":"post_tag","embeddable":true,"href":"https:\/\/ticronometro.com\/wp\/wp-json\/wp\/v2\/tags?post=328998"}],"curies":[{"name":"wp","href":"https:\/\/api.w.org\/{rel}","templated":true}]}}