{"id":300103,"date":"2024-07-19T15:31:06","date_gmt":"2024-07-19T13:31:06","guid":{"rendered":"https:\/\/ticronometro.com\/wp\/2024\/07\/bulletin-istituzionale\/citta-di-cirie\/%f0%9f%8c%83-che-fresco-ieri-sera-in-piazza-caduti-sul-lavoro-%f0%9f%8e%a5-il-film-racconti\/"},"modified":"2024-07-22T06:41:23","modified_gmt":"2024-07-22T04:41:23","slug":"%f0%9f%8c%83-che-fresco-ieri-sera-in-piazza-caduti-sul-lavoro-%f0%9f%8e%a5-il-film-racconti","status":"publish","type":"post","link":"https:\/\/ticronometro.com\/wp\/2024\/07\/bulletin-istituzionale\/citta-di-cirie\/%f0%9f%8c%83-che-fresco-ieri-sera-in-piazza-caduti-sul-lavoro-%f0%9f%8e%a5-il-film-racconti\/","title":{"rendered":"\ud83c\udf03 Che fresco ieri sera in Piazza Caduti sul Lavoro! \ud83c\udfa5 Il film &#8220;Racconti\u2026"},"content":{"rendered":"<p>\ud83c\udf03 Che fresco ieri sera in Piazza Caduti sul Lavoro!<br \/>\ud83c\udfa5 Il film &quot;Racconti Incantati&quot; &#8211; parte di &quot;Cinema sotto le stelle&quot;, la rassegna di cinema all&#039;aperto organizzata dalla Citt\u00e0 di Ciri\u00e9 &#8211; non solo \u00e8 piaciuto a tutti&#8230; ma \u00e8 stato bello anche poterselo godere al fresco della notte ciriacese \ud83c\udf19 \u2728 come ha giustiamente sottolineato l&#039;Assessore alle Manifestazioni Fabrizio Fossati nei suoi saluti inziali.<br \/>\ud83d\udcfd\ufe0f Prossimo appuntamento: gioved\u00ec 25 luglio alle 21.15 nel campetto di via Gaiottino con il film MAMMA MIA.<br \/>\u2139\ufe0f Ricordiamo che le proiezioni sono libere e gratuite.<a href=https:\/\/www.facebook.com\/1600891403502118_820173203587933>Continua la lettura<\/a><\/p>\n<p>&#8212;&#8212;&#8212;&#8212;&#8212;&#8212;&#8212;&#8212;&#8212;&#8212;&#8212;&#8212;&#8212;&#8212;&#8212;<\/p>\n<h5>Fonte  Pagina Facebook istituzionale<\/h5>\n<p><\/p>\n","protected":false},"excerpt":{"rendered":"<p>\ud83c\udf03 Che fresco ieri sera in Piazza Caduti sul Lavoro!<br \/>\n\ud83c\udfa5 Il film &#8220;Racconti Incantati&#8221; &#8211; parte di &#8220;Cinema sotto le stelle&#8221;, la rassegna di cinema all&#8217;aperto organizzata dalla Citt\u00e0 di Ciri\u00e9 &#8211; non solo \u00e8 piaciuto a tutti&#8230; ma \u00e8 stato bello anche poterselo godere al fresco della notte ciriacese \ud83c\udf19 \u2728 come ha giustiamente sottolineato l&#8217;Assessore alle Manifestazioni Fabrizio Fossati nei suoi saluti inziali.<br \/>\n\ud83d\udcfd\ufe0f Prossimo appuntamento: gioved\u00ec 25 luglio alle 21.15 nel campetto di via Gaiottino con il film MAMMA MIA.<br \/>\n\u2139\ufe0f Ricordiamo che le proiezioni sono libere e gratuite.<\/p>\n","protected":false},"author":1,"featured_media":306567,"comment_status":"closed","ping_status":"open","sticky":false,"template":"","format":"standard","meta":{"om_disable_all_campaigns":false,"_sitemap_exclude":false,"_sitemap_priority":"","_sitemap_frequency":"","_monsterinsights_skip_tracking":false,"_monsterinsights_sitenote_active":false,"_monsterinsights_sitenote_note":"","_monsterinsights_sitenote_category":0,"footnotes":""},"categories":[178],"tags":[],"class_list":["post-300103","post","type-post","status-publish","format-standard","has-post-thumbnail","hentry","category-citta-di-cirie"],"aioseo_notices":[],"_links":{"self":[{"href":"https:\/\/ticronometro.com\/wp\/wp-json\/wp\/v2\/posts\/300103","targetHints":{"allow":["GET"]}}],"collection":[{"href":"https:\/\/ticronometro.com\/wp\/wp-json\/wp\/v2\/posts"}],"about":[{"href":"https:\/\/ticronometro.com\/wp\/wp-json\/wp\/v2\/types\/post"}],"author":[{"embeddable":true,"href":"https:\/\/ticronometro.com\/wp\/wp-json\/wp\/v2\/users\/1"}],"replies":[{"embeddable":true,"href":"https:\/\/ticronometro.com\/wp\/wp-json\/wp\/v2\/comments?post=300103"}],"version-history":[{"count":0,"href":"https:\/\/ticronometro.com\/wp\/wp-json\/wp\/v2\/posts\/300103\/revisions"}],"wp:featuredmedia":[{"embeddable":true,"href":"https:\/\/ticronometro.com\/wp\/wp-json\/wp\/v2\/media\/306567"}],"wp:attachment":[{"href":"https:\/\/ticronometro.com\/wp\/wp-json\/wp\/v2\/media?parent=300103"}],"wp:term":[{"taxonomy":"category","embeddable":true,"href":"https:\/\/ticronometro.com\/wp\/wp-json\/wp\/v2\/categories?post=300103"},{"taxonomy":"post_tag","embeddable":true,"href":"https:\/\/ticronometro.com\/wp\/wp-json\/wp\/v2\/tags?post=300103"}],"curies":[{"name":"wp","href":"https:\/\/api.w.org\/{rel}","templated":true}]}}