{"id":1901666,"date":"2025-11-18T00:33:32","date_gmt":"2025-11-17T23:33:32","guid":{"rendered":"https:\/\/ticronometro.com\/wp\/?p=1901666"},"modified":"2025-11-18T00:58:56","modified_gmt":"2025-11-17T23:58:56","slug":"17-novembre-neve-batte-buche-2-a-1-a-caselle-piu-risorse-per-spalare-che-per-asfaltare","status":"publish","type":"post","link":"https:\/\/ticronometro.com\/wp\/2025\/11\/ticpunto\/17-novembre-neve-batte-buche-2-a-1-a-caselle-piu-risorse-per-spalare-che-per-asfaltare\/","title":{"rendered":"17 Novembre, Neve batte buche 2 a 1: a Caselle pi\u00f9 risorse per spalare che  per asfaltare?"},"content":{"rendered":"\n\n\n<p data-start=\"187\" data-end=\"309\">Oggi, ci immergiamo nuovamente nel mare magnum degli atti amministrativi. E lo facciamo armati della nostra solita ironia.<\/p>\n<p data-start=\"311\" data-end=\"790\">Non \u00e8 nel nostro stile deridere gli atti amministrativi, che sono invece pilastri portanti della nostra struttura sociale e amministrativa. La nostra scelta di adottare un tono ironico nasce dalla consapevolezza che leggere documenti ufficiali possa essere, per molti, un\u2019esperienza meno che entusiasmante. Dopotutto, una vasta maggioranza dei cittadini non ha mai sfogliato l\u2019albo pretorio, e quelli che l\u2019hanno fatto si sono spesso trovati a sbadigliare dopo appena due minuti.<\/p>\n<p data-start=\"792\" data-end=\"1014\">Con un pizzico di ironia, il nostro obiettivo \u00e8 rendervi partecipi della realt\u00e0 amministrativa in modo leggero e digeribile. E per i pi\u00f9 curiosi, non mancher\u00e0 mai un riferimento diretto all\u2019atto originale per approfondire.<\/p>\n<h3 data-start=\"986\" data-end=\"1063\">\ud83d\udcc8 IL GRAN BALLO DEI BILANCI: LA GIUNTA, I NUMERI E IL DESTINO DI CASELLE<\/h3>\n<p data-start=\"1065\" data-end=\"1205\"><strong data-start=\"1065\" data-end=\"1099\">Presente al completo la Giunta<\/strong> alla seduta telematica su GoToMeeting per discutere di soldi, tasse, previsioni, bilanci e\u2026 ancora tasse.<\/p>\n<p data-start=\"1207\" data-end=\"1352\">Dalla <strong data-start=\"1213\" data-end=\"1244\">Delibera n. 158 alla n. 166<\/strong>, Caselle si prepara al <strong data-start=\"1268\" data-end=\"1290\">triennio 2026-2028<\/strong> con uno sforzo titanico: <strong data-start=\"1316\" data-end=\"1351\">non cambiare praticamente nulla<\/strong>.<\/p>\n<ul data-start=\"1354\" data-end=\"1917\">\n<li data-start=\"1354\" data-end=\"1438\">\n<p data-start=\"1356\" data-end=\"1438\">L\u2019<strong data-start=\"1358\" data-end=\"1365\">IMU<\/strong> resta com\u2019era nel 2025. Pi\u00f9 stabile delle relazioni nei romanzi Harmony.<\/p>\n<\/li>\n<li data-start=\"1439\" data-end=\"1549\">\n<p data-start=\"1441\" data-end=\"1549\">L\u2019<strong data-start=\"1443\" data-end=\"1464\">addizionale IRPEF<\/strong>, anch&#8217;essa identica dal <strong data-start=\"1489\" data-end=\"1497\">2015<\/strong>. \u00c8 cos\u00ec longeva che ormai ha diritto alla pensione.<\/p>\n<\/li>\n<li data-start=\"1550\" data-end=\"1917\">\n<p data-start=\"1552\" data-end=\"1917\">Tariffe per <strong data-start=\"1564\" data-end=\"1598\">pubblicit\u00e0 e occupazione suolo<\/strong>? Confermate in blocco. Un metro quadro di suolo pubblico in <strong data-start=\"1659\" data-end=\"1669\">zona 1<\/strong> coster\u00e0 sempre <strong data-start=\"1685\" data-end=\"1703\">\u20ac 26,80 l\u2019anno<\/strong>, mentre affiggere locandine mensili resta un affare da <strong data-start=\"1759\" data-end=\"1777\">\u20ac 1,40 al mese<\/strong>. (Delibere <strong data-start=\"1789\" data-end=\"1805\">n. 161 e 164<\/strong>)<\/p>\n<\/li>\n<\/ul>\n<p data-start=\"1919\" data-end=\"2172\">Un plauso va per\u00f2 alla <strong data-start=\"1942\" data-end=\"1989\">nota di aggiornamento del DUP (Del. n. 159)<\/strong>, che con somma poesia ha trasformato un piano strategico triennale in una narrazione degna della saga dei mutui, dei fondi vincolati e delle visioni future (ma con scadenza fiscale).<\/p>\n<h3 data-start=\"247\" data-end=\"320\">\ud83c\udfd7\ufe0f <strong data-start=\"255\" data-end=\"318\">Delibera n. 157 \u2013 Adozione Piano Particolareggiato area ATA<\/strong><\/h3>\n<p data-start=\"321\" data-end=\"648\"><strong data-start=\"321\" data-end=\"355\">Tutti presenti, tutti connessi<\/strong> sulla piattaforma GoToMeeting. La Giunta al gran completo ha detto s\u00ec all\u2019adozione del Piano Particolareggiato per l\u2019<strong data-start=\"473\" data-end=\"485\">area ATA<\/strong>, quella famosa \u201czona dell\u2019aeroporto\u201d dove un tempo si sognava un centro commerciale degno di Dubai e ora si punta (pi\u00f9 realisticamente) a data center e logistica.<\/p>\n<p data-start=\"650\" data-end=\"945\">Il piano tocca <strong data-start=\"665\" data-end=\"685\">oltre 459.000 mq<\/strong>. Per intenderci: ogni cittadino casellese ha diritto a circa <strong data-start=\"747\" data-end=\"756\">33 mq<\/strong> di \u201csogno ATA\u201d. Non male, considerando che molti vivono in meno spazio.<br data-start=\"828\" data-end=\"831\" \/>I privati (Satac e amici) costruiranno delle opere pubbliche, mentre il Comune ci mette i pareri e i contropareri.<\/p>\n<p data-start=\"947\" data-end=\"1148\">Una delibera importante, che promette di cambiare la faccia a un&#8217;area dimenticata. Ma aspettiamoci i soliti ritardi: nel 2017 parlavano di inaugurare, nel 2025 ancora si approva il progetto definitivo.<\/p>\n<hr data-start=\"1150\" data-end=\"1153\" \/>\n<h3 data-start=\"1155\" data-end=\"1222\">\ud83d\udcca <strong data-start=\"1162\" data-end=\"1220\">Delibera n. 158 \u2013 Variazione urgente al Bilancio e PEG<\/strong><\/h3>\n<p data-start=\"1223\" data-end=\"1444\">Una variazione d\u2019urgenza approvata l\u20191 ottobre 2025 (delibera 130) \u00e8 stata <strong data-start=\"1298\" data-end=\"1310\">ritirata<\/strong> e sostituita da questa nuova, perch\u00e9 pare fosse sbagliato qualcosa. Come nella ricetta della nonna: \u201cHo messo troppa farina nel PEG\u201d.<\/p>\n<p data-start=\"1446\" data-end=\"1462\">Nel dettaglio:<\/p>\n<ul data-start=\"1463\" data-end=\"1704\">\n<li data-start=\"1463\" data-end=\"1512\">\n<p data-start=\"1465\" data-end=\"1512\">Il <strong data-start=\"1468\" data-end=\"1490\">Bilancio 2025\u20132027<\/strong> \u00e8 stato rivisitato,<\/p>\n<\/li>\n<li data-start=\"1513\" data-end=\"1569\">\n<p data-start=\"1515\" data-end=\"1569\">Il <strong data-start=\"1518\" data-end=\"1555\">Piano Esecutivo di Gestione (PEG)<\/strong> aggiornato,<\/p>\n<\/li>\n<li data-start=\"1570\" data-end=\"1704\">\n<p data-start=\"1572\" data-end=\"1704\">Il tutto, ovviamente, &#8220;nei limiti delle compatibilit\u00e0 finanziarie&#8221; \u2013 che in politichese significa &#8220;abbiamo rattoppato dove serviva&#8221;.<\/p>\n<\/li>\n<\/ul>\n<hr data-start=\"1706\" data-end=\"1709\" \/>\n<h3 data-start=\"1711\" data-end=\"1780\">\ud83d\udcd1 <strong data-start=\"1718\" data-end=\"1778\">Delibera n. 159 \u2013 Nota di aggiornamento al DUP 2026\u20132028<\/strong><\/h3>\n<p data-start=\"1781\" data-end=\"2056\">Una lettura da comodino, lunga e densa, ma fondamentale per chi ama la programmazione pubblica.<br data-start=\"1876\" data-end=\"1879\" \/>Il <strong data-start=\"1882\" data-end=\"1919\">Documento Unico di Programmazione<\/strong> \u00e8 stato aggiornato, come dire: abbiamo preso la vecchia versione, abbiamo aggiunto un paio di buone intenzioni e corretto qualche cifra.<\/p>\n<p data-start=\"2058\" data-end=\"2077\">Citazione chiave:<\/p>\n<blockquote data-start=\"2078\" data-end=\"2238\">\n<p data-start=\"2080\" data-end=\"2238\">\u201cIn coerenza con gli indirizzi del PIAO, si confermano gli obiettivi strategici.\u201d<br data-start=\"2161\" data-end=\"2164\" \/>In pratica: continuiamo su questa strada, ma cambiamo qualche marciapiede.<\/p>\n<\/blockquote>\n<hr data-start=\"2240\" data-end=\"2243\" \/>\n<h3 data-start=\"180\" data-end=\"289\">\ud83d\ude93 <strong data-start=\"187\" data-end=\"289\">Delibera n. 160 \u2013 Proventi del Codice della Strada 2026: chi rompe (le regole), paga. Ma per cosa?<\/strong><\/h3>\n<p data-start=\"291\" data-end=\"654\">Nel grande gioco delle sanzioni stradali, Caselle non si fa trovare impreparata. Anzi, <strong data-start=\"378\" data-end=\"441\">prevede di incassare nel 2026 la bellezza di \u20ac 4.451.000,00<\/strong> in multe. S\u00ec, avete letto bene: circa <strong data-start=\"480\" data-end=\"505\">319 euro per abitante<\/strong> (considerando una popolazione di 13.941 persone). Altro che autovelox, qui si potrebbe finanziare l&#8217;intera saga di \u201cFast &amp; Furious \u2013 Caselle Drift\u201d.<\/p>\n<hr data-start=\"656\" data-end=\"659\" \/>\n<h3 data-start=\"661\" data-end=\"704\">Ecco la torta (non dolce, ma fiscale):<\/h3>\n<ul data-start=\"706\" data-end=\"1009\">\n<li data-start=\"706\" data-end=\"850\">\n<p data-start=\"708\" data-end=\"850\"><strong data-start=\"708\" data-end=\"752\">Fondo Crediti Dubbia Esigibilit\u00e0 (FCDE):<\/strong> \u20ac 1.720.184,50 \u2192 perch\u00e9 non tutti pagano le multe con l\u2019entusiasmo di chi compra al Black Friday.<\/p>\n<\/li>\n<li data-start=\"851\" data-end=\"945\">\n<p data-start=\"853\" data-end=\"945\"><strong data-start=\"853\" data-end=\"908\">Compenso al concessionario (chi riscuote le multe):<\/strong> \u20ac 887.000,00 \u2192 mica lo fanno gratis.<\/p>\n<\/li>\n<li data-start=\"946\" data-end=\"1009\">\n<p data-start=\"948\" data-end=\"1009\"><strong data-start=\"948\" data-end=\"994\">Residuo da ripartire secondo art. 208 CdS:<\/strong> \u20ac 1.843.815,50<\/p>\n<\/li>\n<\/ul>\n<p data-start=\"1011\" data-end=\"1102\">Di questi, <strong data-start=\"1022\" data-end=\"1055\">il 50% va alla spesa corrente<\/strong>, cio\u00e8 <strong data-start=\"1062\" data-end=\"1078\">\u20ac 921.907,75<\/strong>, suddivisi in tre aree.<\/p>\n<hr data-start=\"1104\" data-end=\"1107\" \/>\n<h3 data-start=\"1109\" data-end=\"1171\">\ud83d\udd27 A) <strong data-start=\"1119\" data-end=\"1171\">Segnaletica e manutenzione strade \u2013 \u20ac 230.476,93<\/strong><\/h3>\n<ul data-start=\"1173\" data-end=\"1672\">\n<li data-start=\"1173\" data-end=\"1278\">\n<p data-start=\"1175\" data-end=\"1278\">Segnaletica stradale: \u20ac 80.000 \u2192 cartelli nuovi per tutti (ma quelli sbagliati li sistemiamo nel 2027).<\/p>\n<\/li>\n<li data-start=\"1279\" data-end=\"1364\">\n<p data-start=\"1281\" data-end=\"1364\">Sistemi di controllo elettronici: \u20ac 55.363 \u2192 evidentemente, devono beccarti meglio.<\/p>\n<\/li>\n<li data-start=\"1365\" data-end=\"1400\">\n<p data-start=\"1367\" data-end=\"1400\">Manutenzione impianti: \u20ac 48.000<\/p>\n<\/li>\n<li data-start=\"1401\" data-end=\"1439\">\n<p data-start=\"1403\" data-end=\"1439\">Toponomastica &amp; acquisti: \u20ac 15.000<\/p>\n<\/li>\n<li data-start=\"1440\" data-end=\"1468\">\n<p data-start=\"1442\" data-end=\"1468\">Beni e servizi: \u20ac 17.100<\/p>\n<\/li>\n<li data-start=\"1469\" data-end=\"1672\">\n<p data-start=\"1471\" data-end=\"1535\"><strong data-start=\"1471\" data-end=\"1516\">Manutenzione vera e propria delle strade?<\/strong> Solo \u20ac 15.013,93<\/p>\n<blockquote data-start=\"1538\" data-end=\"1672\">\n<p data-start=\"1540\" data-end=\"1672\">\ud83d\udd73\ufe0f Dunque, la spesa per tappare le buche \u00e8 <strong data-start=\"1584\" data-end=\"1631\">sei volte inferiore a quella per i cartelli<\/strong>. Il che \u00e8 poetico, se amate le voragini.<\/p>\n<\/blockquote>\n<\/li>\n<\/ul>\n<hr data-start=\"1674\" data-end=\"1677\" \/>\n<h3 data-start=\"1679\" data-end=\"1731\">\ud83d\udc6e B) <strong data-start=\"1689\" data-end=\"1731\">Potenziamento controlli \u2013 \u20ac 230.476,94<\/strong><\/h3>\n<ul data-start=\"1733\" data-end=\"2079\">\n<li data-start=\"1733\" data-end=\"1794\">\n<p data-start=\"1735\" data-end=\"1794\">Videosorveglianza: \u20ac 63.000 \u2192 ti guardano (ma non tappano).<\/p>\n<\/li>\n<li data-start=\"1795\" data-end=\"1874\">\n<p data-start=\"1797\" data-end=\"1874\">Noleggio autovelox: \u20ac 60.000 \u2192 perch\u00e9 conviene pi\u00f9 noleggiarlo che comprarlo.<\/p>\n<\/li>\n<li data-start=\"1875\" data-end=\"1909\">\n<p data-start=\"1877\" data-end=\"1909\">Accesso banche dati: \u20ac 50.839,94<\/p>\n<\/li>\n<li data-start=\"1910\" data-end=\"1969\">\n<p data-start=\"1912\" data-end=\"1969\">Sistemi controllo elettronici (seconda voce!): \u20ac 24.637<\/p>\n<\/li>\n<li data-start=\"1970\" data-end=\"2031\">\n<p data-start=\"1972\" data-end=\"2031\">Mezzi della polizia locale: \u20ac 14.000 \u2192 magari una Panda 4&#215;4<\/p>\n<\/li>\n<li data-start=\"2032\" data-end=\"2079\">\n<p data-start=\"2034\" data-end=\"2079\">Vestiario: \u20ac 18.000 \u2192 eleganza prima di tutto<\/p>\n<\/li>\n<\/ul>\n<hr data-start=\"2081\" data-end=\"2084\" \/>\n<h3 data-start=\"2086\" data-end=\"2151\">\ud83e\uddca C) <strong data-start=\"2096\" data-end=\"2151\">Altre finalit\u00e0 legate alla sicurezza \u2013 \u20ac 460.953,88<\/strong><\/h3>\n<p data-start=\"2153\" data-end=\"2188\">Qui arriva la <strong data-start=\"2167\" data-end=\"2187\">vera rivelazione<\/strong>.<\/p>\n<ul data-start=\"2190\" data-end=\"2279\">\n<li data-start=\"2190\" data-end=\"2223\">\n<p data-start=\"2192\" data-end=\"2223\"><strong data-start=\"2192\" data-end=\"2211\">Rimozione neve:<\/strong> \u20ac 100.000<\/p>\n<\/li>\n<li data-start=\"2224\" data-end=\"2279\">\n<p data-start=\"2226\" data-end=\"2279\"><strong data-start=\"2226\" data-end=\"2265\">Manutenzione strade (seconda voce):<\/strong> \u20ac 87.786,07<\/p>\n<\/li>\n<\/ul>\n<blockquote data-start=\"2280\" data-end=\"2582\">\n<p data-start=\"2282\" data-end=\"2582\">\u2744\ufe0f <strong data-start=\"2285\" data-end=\"2354\">S\u00ec, si spender\u00e0 pi\u00f9 per spalare la neve che per tappare le buche.<\/strong> In tutto, <strong data-start=\"2365\" data-end=\"2392\">la rimozione della neve<\/strong> avr\u00e0 un budget <strong data-start=\"2408\" data-end=\"2472\">del 12% maggiore rispetto alla manutenzione stradale diretta<\/strong>, se si confrontano voce per voce.<br data-start=\"2506\" data-end=\"2509\" \/>Quindi: se trovate una buca, sperate che venga coperta da una nevicata.<\/p>\n<\/blockquote>\n<ul data-start=\"2584\" data-end=\"2776\">\n<li data-start=\"2584\" data-end=\"2621\">\n<p data-start=\"2586\" data-end=\"2621\">Illuminazione pubblica: \u20ac 175.000<\/p>\n<\/li>\n<li data-start=\"2622\" data-end=\"2696\">\n<p data-start=\"2624\" data-end=\"2696\">Aree verdi: \u20ac 69.507,75 \u2192 s\u00ec, le multe finanziano anche il giardinaggio.<\/p>\n<\/li>\n<li data-start=\"2697\" data-end=\"2731\">\n<p data-start=\"2699\" data-end=\"2731\">Previdenza personale: \u20ac 19.500<\/p>\n<\/li>\n<li data-start=\"2732\" data-end=\"2776\">\n<p data-start=\"2734\" data-end=\"2776\">Accesso banche dati (di nuovo): \u20ac 9.160,06<\/p>\n<\/li>\n<\/ul>\n<hr data-start=\"2778\" data-end=\"2781\" \/>\n<h3 data-start=\"2783\" data-end=\"2811\">\ud83e\uddee Conclusione semiseria<\/h3>\n<p data-start=\"2813\" data-end=\"2969\">Caselle si conferma comune virtuoso: <strong data-start=\"2850\" data-end=\"2915\">usa le multe per finanziare la sicurezza e i servizi pubblici<\/strong>, come prevede la legge. Ma non possiamo ignorare che:<\/p>\n<ul data-start=\"2970\" data-end=\"3202\">\n<li data-start=\"2970\" data-end=\"3019\">\n<p data-start=\"2972\" data-end=\"3019\">Si investe <strong data-start=\"2983\" data-end=\"3019\">pi\u00f9 in telecamere che in asfalto<\/strong><\/p>\n<\/li>\n<li data-start=\"3020\" data-end=\"3103\">\n<p data-start=\"3022\" data-end=\"3103\">Le <strong data-start=\"3025\" data-end=\"3041\">nevi cadenti<\/strong> sembrano rappresentare <strong data-start=\"3065\" data-end=\"3091\">una minaccia pi\u00f9 seria<\/strong> delle buche<\/p>\n<\/li>\n<li data-start=\"3104\" data-end=\"3202\">\n<p data-start=\"3106\" data-end=\"3202\">La <strong data-start=\"3109\" data-end=\"3153\">manutenzione strade \u00e8 divisa in due voci<\/strong> (forse cos\u00ec spaventa meno chi legge il bilancio)<\/p>\n<\/li>\n<\/ul>\n<p data-start=\"3204\" data-end=\"3356\">In ogni caso, se vi beccano in eccesso di velocit\u00e0, sappiate che state contribuendo&#8230; a far rimuovere la neve. E a comprare una giacca nuova al vigile.<\/p>\n<hr data-start=\"2833\" data-end=\"2836\" \/>\n<h3 data-start=\"2838\" data-end=\"2893\">\ud83d\udecd\ufe0f <strong data-start=\"2846\" data-end=\"2891\">Delibera n. 161 \u2013 Canone per mercati 2026<\/strong><\/h3>\n<p data-start=\"2894\" data-end=\"2986\">Occupare suolo pubblico per mercatini e bancarelle ha un prezzo. E qui si stabilisce quanto.<\/p>\n<p data-start=\"2988\" data-end=\"3021\">Qualche chicca dalle <strong data-start=\"3009\" data-end=\"3020\">tariffe<\/strong>:<\/p>\n<ul data-start=\"3022\" data-end=\"3210\">\n<li data-start=\"3022\" data-end=\"3071\">\n<p data-start=\"3024\" data-end=\"3071\"><strong data-start=\"3024\" data-end=\"3041\">\u20ac 45\/mq annui<\/strong> per operatori fissi in zona 1<\/p>\n<\/li>\n<li data-start=\"3072\" data-end=\"3137\">\n<p data-start=\"3074\" data-end=\"3137\"><strong data-start=\"3074\" data-end=\"3097\">\u20ac 0,30\/mq al giorno<\/strong> per gli spuntisti (mercati settimanali)<\/p>\n<\/li>\n<li data-start=\"3138\" data-end=\"3210\">\n<p data-start=\"3140\" data-end=\"3210\">Sconti in <strong data-start=\"3150\" data-end=\"3160\">zona 2<\/strong>, perch\u00e9 in periferia si paga meno anche lo spazio<\/p>\n<\/li>\n<\/ul>\n<p data-start=\"3212\" data-end=\"3310\">Tariffe confermate, quindi nessuna rivoluzione. Ma almeno il Comune ha fatto i conti col righello.<\/p>\n<hr data-start=\"3312\" data-end=\"3315\" \/>\n<h3 data-start=\"3317\" data-end=\"3375\">\ud83c\udfe0 <strong data-start=\"3324\" data-end=\"3373\">Delibera n. 162 \u2013 IMU 2026: conferma aliquote<\/strong><\/h3>\n<p data-start=\"3376\" data-end=\"3434\">IMU: quella tassa che nessuno ama, ma tutti devono pagare.<\/p>\n<p data-start=\"3436\" data-end=\"3626\">Qui si confermano le <strong data-start=\"3457\" data-end=\"3474\">aliquote 2025<\/strong>, e lo si fa con una certa sobriet\u00e0. Anche perch\u00e9 modificarle avrebbe richiesto un\u2019assemblea, del tempo, e forse anche qualche insulto dai contribuenti.<\/p>\n<p data-start=\"3628\" data-end=\"3703\">La logica \u00e8 chiara: <strong data-start=\"3648\" data-end=\"3702\">meglio non agitare le acque in campagna elettorale<\/strong>.<\/p>\n<hr data-start=\"3705\" data-end=\"3708\" \/>\n<h3 data-start=\"3710\" data-end=\"3772\">\ud83d\udcb0 <strong data-start=\"3717\" data-end=\"3770\">Delibera n. 163 \u2013 Addizionale comunale IRPEF 2026<\/strong><\/h3>\n<p data-start=\"3773\" data-end=\"3906\">Stessa filosofia dell\u2019IMU: si conferma l\u2019<strong data-start=\"3814\" data-end=\"3831\">aliquota 0,8%<\/strong> e la <strong data-start=\"3837\" data-end=\"3874\">soglia di esenzione a 15.000 euro<\/strong>, ferma <strong data-start=\"3882\" data-end=\"3905\">dal 1\u00b0 gennaio 2015<\/strong>.<\/p>\n<p data-start=\"3908\" data-end=\"4092\">Nel frattempo, sono passati 10 governi, due pandemie e tre papati (quasi). Ma l\u2019IRPEF casellese \u00e8 rimasta fedele a se stessa. Coerenza fiscale o pigrizia amministrativa? Chi pu\u00f2 dirlo.<\/p>\n<hr data-start=\"4094\" data-end=\"4097\" \/>\n<h3 data-start=\"4099\" data-end=\"4155\">\ud83d\udcfa <strong data-start=\"4106\" data-end=\"4153\">Delibera n. 164 \u2013 Canone pubblicitario 2026<\/strong><\/h3>\n<p data-start=\"4156\" data-end=\"4182\">Confermate le tariffe per:<\/p>\n<ul data-start=\"4183\" data-end=\"4314\">\n<li data-start=\"4183\" data-end=\"4197\">\n<p data-start=\"4185\" data-end=\"4197\">cartelloni,<\/p>\n<\/li>\n<li data-start=\"4198\" data-end=\"4211\">\n<p data-start=\"4200\" data-end=\"4211\">locandine,<\/p>\n<\/li>\n<li data-start=\"4212\" data-end=\"4227\">\n<p data-start=\"4214\" data-end=\"4227\">camion vela,<\/p>\n<\/li>\n<li data-start=\"4228\" data-end=\"4314\">\n<p data-start=\"4230\" data-end=\"4314\">pubblicit\u00e0 sonora (s\u00ec, quella che ti sveglia la domenica con \u201cofferte imperdibili\u201d).<\/p>\n<\/li>\n<\/ul>\n<p data-start=\"4316\" data-end=\"4498\">Nessun aumento: sempre <strong data-start=\"4339\" data-end=\"4356\">\u20ac 0,70\/giorno<\/strong> per pubblicit\u00e0 standard e <strong data-start=\"4383\" data-end=\"4396\">\u20ac 14\/anno<\/strong> per esposizioni sotto 1 mq. Un esempio di inflazione domata\u2026 o di tariffe dimenticate in un cassetto.<\/p>\n<hr data-start=\"4500\" data-end=\"4503\" \/>\n<h3 data-start=\"4505\" data-end=\"4579\">\ud83d\udece\ufe0f <strong data-start=\"4513\" data-end=\"4577\">Delibera n. 165 \u2013 Tariffe Servizi a domanda individuale 2026<\/strong><\/h3>\n<p data-start=\"4580\" data-end=\"4710\">Questa delibera riguarda i servizi che si pagano &#8220;a consumo&#8221;: mensa scolastica, trasporto alunni, utilizzo impianti sportivi, ecc.<\/p>\n<p data-start=\"4712\" data-end=\"4982\">Tutto aggiornato con tabelle precise: il Comune ha fatto i conti con l\u2019aumento dei costi, ma ha cercato di tenere le tariffe il pi\u00f9 <strong data-start=\"4844\" data-end=\"4857\">contenute<\/strong> possibile.<br data-start=\"4868\" data-end=\"4871\" \/>Un piccolo sforzo di equilibrio: far quadrare il bilancio <strong data-start=\"4929\" data-end=\"4981\">senza perdere per strada i cittadini pi\u00f9 fragili<\/strong>.<\/p>\n<hr data-start=\"4984\" data-end=\"4987\" \/>\n<h3 data-start=\"4989\" data-end=\"5051\">\ud83e\uddfe <strong data-start=\"4996\" data-end=\"5049\">Delibera n. 166 \u2013 Bilancio Previsionale 2026\u20132028<\/strong><\/h3>\n<p data-start=\"5052\" data-end=\"5129\">Il cuore finanziario del Comune: il <strong data-start=\"5088\" data-end=\"5107\">documento madre<\/strong> da cui tutto dipende.<\/p>\n<p data-start=\"5131\" data-end=\"5215\">Si approva lo schema da portare in Consiglio Comunale. Dentro c\u2019\u00e8 un po\u2019 di tutto:<\/p>\n<ul data-start=\"5216\" data-end=\"5427\">\n<li data-start=\"5216\" data-end=\"5250\">\n<p data-start=\"5218\" data-end=\"5250\">previsioni di entrata e spesa,<\/p>\n<\/li>\n<li data-start=\"5251\" data-end=\"5318\">\n<p data-start=\"5253\" data-end=\"5318\">investimenti su scuole, strade, marciapiedi (almeno nei sogni),<\/p>\n<\/li>\n<li data-start=\"5319\" data-end=\"5359\">\n<p data-start=\"5321\" data-end=\"5359\">mantenimento dei servizi essenziali,<\/p>\n<\/li>\n<li data-start=\"5360\" data-end=\"5427\">\n<p data-start=\"5362\" data-end=\"5427\">il classico \u201cinvariato\u201d dove serve far finta che vada tutto bene.<\/p>\n<\/li>\n<\/ul>\n<p data-start=\"5429\" data-end=\"5502\">Un bilancio prudente, <strong data-start=\"5451\" data-end=\"5475\">senza voli pindarici<\/strong>, ma che mantiene la rotta.<\/p>\n<h3 data-start=\"2655\" data-end=\"2704\">\ud83d\udc77\u200d\u2640\ufe0f UNA BETONIERA, UNA STRADA, UN\u2019ORDINANZA<\/h3>\n<p data-start=\"2706\" data-end=\"2946\">Il <strong data-start=\"2709\" data-end=\"2724\">24 novembre<\/strong>, il Comune ha ordinato la <strong data-start=\"2751\" data-end=\"2794\">chiusura temporanea di via Basilio Bona<\/strong> per consentire la manovra trionfale di una betoniera. Un evento pi\u00f9 raro dell&#8217;eclissi lunare. Ordinanza <strong data-start=\"2899\" data-end=\"2909\">n. 166<\/strong><\/p>\n<hr data-start=\"2948\" data-end=\"2951\" \/>\n<h3 data-start=\"2953\" data-end=\"3013\">\ud83c\udfa1 FIERA DI SANT\u2019ANDREA: TUTTO VIETATO (MA CON ALLEGRIA)<\/h3>\n<p data-start=\"3015\" data-end=\"3315\">Il <strong data-start=\"3018\" data-end=\"3032\">7 dicembre<\/strong>, torna la storica <strong data-start=\"3051\" data-end=\"3075\">Fiera di Sant\u2019Andrea<\/strong>. L\u2019intero centro sar\u00e0 chiuso al traffico, i parcheggi saranno off-limits e le fioriere verranno <strong data-start=\"3172\" data-end=\"3200\">strategicamente spostate<\/strong>. (Chi ha una fioriera nel cuore, \u00e8 pregato di non leggere l\u2019ordinanza n. 167)<\/p>\n<hr data-start=\"3317\" data-end=\"3320\" \/>\n<h3 data-start=\"3322\" data-end=\"3378\">\ud83e\uddfe AVVISI DI LOCAZIONE SOCIALE: L\u2019A.S.L.O. \u00c8 TRA NOI<\/h3>\n<p data-start=\"3380\" data-end=\"3761\">Con la <strong data-start=\"3387\" data-end=\"3412\">determinazione n. 705<\/strong>, Caselle aderisce alla misura <strong data-start=\"3443\" data-end=\"3486\">Agenzia Sociale per la Locazione (ASLO)<\/strong>. Obiettivo: aiutare le famiglie con difficolt\u00e0 economiche a trovare una casa, sostenendole fino a <strong data-start=\"3585\" data-end=\"3600\">16.000 euro<\/strong>. Una misura utile, che almeno fa respirare. Anche se sar\u00e0 il solito \u201cfino ad esaurimento fondi\u201d. Quindi: veloci con l\u2019ISEE!<\/p>\n<hr data-start=\"3763\" data-end=\"3766\" \/>\n<h3 data-start=\"3768\" data-end=\"3810\">\u2696\ufe0f QUANDO IL COMUNE PERDE IN TRIBUNALE<\/h3>\n<p data-start=\"3812\" data-end=\"4163\">Con la <strong data-start=\"3819\" data-end=\"3844\">determinazione n. 615<\/strong>, il Comune deve rimborsare le spese legali per due verbali contestati davanti al <strong data-start=\"3926\" data-end=\"3945\">Giudice di Pace<\/strong>. Costo per le casse comunali? <strong data-start=\"3976\" data-end=\"3991\">252,24 euro<\/strong>, di cui <strong data-start=\"4000\" data-end=\"4022\">139 per l\u2019avvocato<\/strong> e <strong data-start=\"4025\" data-end=\"4052\">86 euro di spese esenti<\/strong> (che poi, cos\u2019\u00e8 una spesa \u201cesente\u201d? Un mistero da codice amministrativo).<\/p>\n<hr data-start=\"4165\" data-end=\"4168\" \/>\n<h3 data-start=\"4170\" data-end=\"4219\">\ud83d\udea8 POLIZIA MUNICIPALE CERCASI (ANCHE ALTROVE)<\/h3>\n<p data-start=\"4221\" data-end=\"4573\">Ultima ma non meno curiosa: il Comune ha pubblicato una <strong data-start=\"4277\" data-end=\"4307\">manifestazione d\u2019interesse<\/strong> per cercare candidati da <strong data-start=\"4333\" data-end=\"4364\">altre graduatorie pubbliche<\/strong> per coprire <strong data-start=\"4377\" data-end=\"4420\">1 posto da agente di polizia municipale<\/strong>. Insomma, la caccia all\u2019agente \u00e8 aperta \u2013 ma solo tra chi \u00e8 gi\u00e0 in lista da qualche parte. Che il pi\u00f9 idoneo vinca!<\/p>\n<p data-start=\"4221\" data-end=\"4573\">\n<p data-start=\"792\" data-end=\"1014\">\n\n\n<iframe src=\"https:\/\/ticronometro.com\/trasparenza_3\/atti\/atti_recenti_plus.php?date=2025-11-17&#038;embed=1\" width=\"100%\" height=\"800\" frameborder=\"0\" style=\"border: 1px solid #ddd; border-radius: 4px;\"><\/iframe>\n\n\n<p data-start=\"249\" data-end=\"432\">\ud83d\udcc4 <strong data-start=\"252\" data-end=\"296\">Delibera di Giunta n. 157 del 14\/11\/2025<\/strong><br data-start=\"296\" data-end=\"299\" \/><strong data-start=\"299\" data-end=\"321\">Oggetto originale:<\/strong><br data-start=\"321\" data-end=\"324\" \/>ADOZIONE PIANO PARTICOLAREGGIATO DI INIZIATIVA PUBBLICA &#8211; AREE \u201cATA\u201d &#8211; VARIANTE STRUTTURALE N. 3 AL P.R.G.C.<\/p>\n<p data-start=\"434\" data-end=\"648\">\ud83c\udfe0 <strong data-start=\"437\" data-end=\"459\">Contesto generale:<\/strong><br data-start=\"459\" data-end=\"462\" \/>Il Comune adotta il Piano Particolareggiato dell\u2019area \u201cATA\u201d, finalizzato a insediamenti logistici\/industriali. Intervento di iniziativa pubblica con opere a carico del privato SATAC Spa.<\/p>\n<p data-start=\"650\" data-end=\"805\">\ud83d\udcac <strong data-start=\"653\" data-end=\"672\">Cos\u2019\u00e8 successo?<\/strong><br data-start=\"672\" data-end=\"675\" \/>Approvato il progetto definitivo, dopo la fase di osservazioni. Il piano urbanistico incide su una superficie di oltre 459.000 mq.<\/p>\n<p data-start=\"807\" data-end=\"832\">\ud83d\udcb0 <strong data-start=\"810\" data-end=\"830\">Cifre coinvolte?<\/strong><\/p>\n<ul data-start=\"833\" data-end=\"957\">\n<li data-start=\"833\" data-end=\"866\">\n<p data-start=\"835\" data-end=\"866\">Superficie totale: 459.449 mq<\/p>\n<\/li>\n<li data-start=\"867\" data-end=\"913\">\n<p data-start=\"869\" data-end=\"913\">Intervento a carico del soggetto attuatore<\/p>\n<\/li>\n<li data-start=\"914\" data-end=\"957\">\n<p data-start=\"916\" data-end=\"957\">Costi pubblici non indicati in delibera<\/p>\n<\/li>\n<\/ul>\n<p data-start=\"959\" data-end=\"1059\">\ud83c\udfe2 <strong data-start=\"962\" data-end=\"984\">Azienda coinvolta?<\/strong><br data-start=\"984\" data-end=\"987\" \/>SATAC S.p.A. \u2013 Proponente dell\u2019accordo di programma e soggetto attuatore<\/p>\n<p data-start=\"1061\" data-end=\"1080\">\ud83d\udd0e <strong data-start=\"1064\" data-end=\"1080\">Pro e Contro<\/strong><\/p>\n<p data-start=\"1082\" data-end=\"1091\">\u2714\ufe0f Pro:<\/p>\n<ul data-start=\"1092\" data-end=\"1207\">\n<li data-start=\"1092\" data-end=\"1131\">\n<p data-start=\"1094\" data-end=\"1131\">Riqualificazione di area strategica<\/p>\n<\/li>\n<li data-start=\"1132\" data-end=\"1164\">\n<p data-start=\"1134\" data-end=\"1164\">Nuove opportunit\u00e0 economiche<\/p>\n<\/li>\n<li data-start=\"1165\" data-end=\"1207\">\n<p data-start=\"1167\" data-end=\"1207\">Aumento potenziale di entrate IMU\/TARI<\/p>\n<\/li>\n<\/ul>\n<p data-start=\"1209\" data-end=\"1220\">\u274c Contro:<\/p>\n<ul data-start=\"1221\" data-end=\"1327\">\n<li data-start=\"1221\" data-end=\"1241\">\n<p data-start=\"1223\" data-end=\"1241\">Consumo di suolo<\/p>\n<\/li>\n<li data-start=\"1242\" data-end=\"1279\">\n<p data-start=\"1244\" data-end=\"1279\">Tempi realizzativi ancora incerti<\/p>\n<\/li>\n<li data-start=\"1280\" data-end=\"1327\">\n<p data-start=\"1282\" data-end=\"1327\">Nessun impatto immediato sui servizi comunali<\/p>\n<\/li>\n<\/ul>\n<hr data-start=\"1329\" data-end=\"1332\" \/>\n<p data-start=\"1334\" data-end=\"1463\">\ud83d\udcc4 <strong data-start=\"1337\" data-end=\"1381\">Delibera di Giunta n. 158 del 14\/11\/2025<\/strong><br data-start=\"1381\" data-end=\"1384\" \/><strong data-start=\"1384\" data-end=\"1406\">Oggetto originale:<\/strong><br data-start=\"1406\" data-end=\"1409\" \/>VARIAZIONE AL BILANCIO 2025\u20132027 \u2013 REVOCA DGC 130\/2025<\/p>\n<p data-start=\"1465\" data-end=\"1619\">\ud83c\udfe0 <strong data-start=\"1468\" data-end=\"1490\">Contesto generale:<\/strong><br data-start=\"1490\" data-end=\"1493\" \/>La variazione precedente viene revocata. Nuova redistribuzione delle risorse con aggiornamento al Piano Esecutivo di Gestione.<\/p>\n<p data-start=\"1621\" data-end=\"1729\">\ud83d\udcac <strong data-start=\"1624\" data-end=\"1643\">Cos\u2019\u00e8 successo?<\/strong><br data-start=\"1643\" data-end=\"1646\" \/>Correzione di errori tecnici e riallocazione di fondi secondo nuova pianificazione.<\/p>\n<p data-start=\"1731\" data-end=\"1756\">\ud83d\udcb0 <strong data-start=\"1734\" data-end=\"1754\">Cifre coinvolte?<\/strong><\/p>\n<ul data-start=\"1757\" data-end=\"1865\">\n<li data-start=\"1757\" data-end=\"1811\">\n<p data-start=\"1759\" data-end=\"1811\">Nessuna nuova spesa, ma riallocazioni tra missioni<\/p>\n<\/li>\n<li data-start=\"1812\" data-end=\"1865\">\n<p data-start=\"1814\" data-end=\"1865\">Dettaglio economico frammentato tra vari capitoli<\/p>\n<\/li>\n<\/ul>\n<p data-start=\"1867\" data-end=\"1957\">\ud83c\udfe2 <strong data-start=\"1870\" data-end=\"1892\">Azienda coinvolta?<\/strong><br data-start=\"1892\" data-end=\"1895\" \/>Nessuna \u2013 si tratta di variazioni interne al bilancio comunale<\/p>\n<p data-start=\"1959\" data-end=\"1978\">\ud83d\udd0e <strong data-start=\"1962\" data-end=\"1978\">Pro e Contro<\/strong><\/p>\n<p data-start=\"1980\" data-end=\"1989\">\u2714\ufe0f Pro:<\/p>\n<ul data-start=\"1990\" data-end=\"2084\">\n<li data-start=\"1990\" data-end=\"2040\">\n<p data-start=\"1992\" data-end=\"2040\">Adeguamento puntuale e conforme alla normativa<\/p>\n<\/li>\n<li data-start=\"2041\" data-end=\"2084\">\n<p data-start=\"2043\" data-end=\"2084\">Corregge una precedente delibera errata<\/p>\n<\/li>\n<\/ul>\n<p data-start=\"2086\" data-end=\"2097\">\u274c Contro:<\/p>\n<ul data-start=\"2098\" data-end=\"2207\">\n<li data-start=\"2098\" data-end=\"2155\">\n<p data-start=\"2100\" data-end=\"2155\">Possibili ricadute in termini di slittamento attivit\u00e0<\/p>\n<\/li>\n<li data-start=\"2156\" data-end=\"2207\">\n<p data-start=\"2158\" data-end=\"2207\">Mancanza di dettaglio nella comunicazione esterna<\/p>\n<\/li>\n<\/ul>\n<hr data-start=\"2209\" data-end=\"2212\" \/>\n<p data-start=\"2214\" data-end=\"2324\">\ud83d\udcc4 <strong data-start=\"2217\" data-end=\"2261\">Delibera di Giunta n. 159 del 14\/11\/2025<\/strong><br data-start=\"2261\" data-end=\"2264\" \/><strong data-start=\"2264\" data-end=\"2286\">Oggetto originale:<\/strong><br data-start=\"2286\" data-end=\"2289\" \/>NOTA DI AGGIORNAMENTO DUP 2026\u20132028<\/p>\n<p data-start=\"2326\" data-end=\"2483\">\ud83c\udfe0 <strong data-start=\"2329\" data-end=\"2351\">Contesto generale:<\/strong><br data-start=\"2351\" data-end=\"2354\" \/>Aggiornato il Documento Unico di Programmazione per il triennio 2026\u20132028: obiettivi, missioni, indicatori e priorit\u00e0 di mandato.<\/p>\n<p data-start=\"2485\" data-end=\"2605\">\ud83d\udcac <strong data-start=\"2488\" data-end=\"2507\">Cos\u2019\u00e8 successo?<\/strong><br data-start=\"2507\" data-end=\"2510\" \/>Integrazione delle nuove esigenze e proiezioni nel quadro economico e organizzativo del Comune.<\/p>\n<p data-start=\"2607\" data-end=\"2632\">\ud83d\udcb0 <strong data-start=\"2610\" data-end=\"2630\">Cifre coinvolte?<\/strong><\/p>\n<ul data-start=\"2633\" data-end=\"2714\">\n<li data-start=\"2633\" data-end=\"2685\">\n<p data-start=\"2635\" data-end=\"2685\">Documento strategico, non contiene cifre dirette<\/p>\n<\/li>\n<li data-start=\"2686\" data-end=\"2714\">\n<p data-start=\"2688\" data-end=\"2714\">Rimando a bilancio e PEG<\/p>\n<\/li>\n<\/ul>\n<p data-start=\"2716\" data-end=\"2785\">\ud83c\udfe2 <strong data-start=\"2719\" data-end=\"2741\">Azienda coinvolta?<\/strong><br data-start=\"2741\" data-end=\"2744\" \/>Nessuna \u2013 documento prodotto internamente<\/p>\n<p data-start=\"2787\" data-end=\"2806\">\ud83d\udd0e <strong data-start=\"2790\" data-end=\"2806\">Pro e Contro<\/strong><\/p>\n<p data-start=\"2808\" data-end=\"2817\">\u2714\ufe0f Pro:<\/p>\n<ul data-start=\"2818\" data-end=\"2913\">\n<li data-start=\"2818\" data-end=\"2880\">\n<p data-start=\"2820\" data-end=\"2880\">Strumento fondamentale per orientare la gestione dell\u2019ente<\/p>\n<\/li>\n<li data-start=\"2881\" data-end=\"2913\">\n<p data-start=\"2883\" data-end=\"2913\">Allineamento con PNRR e PIAO<\/p>\n<\/li>\n<\/ul>\n<p data-start=\"2915\" data-end=\"2926\">\u274c Contro:<\/p>\n<ul data-start=\"2927\" data-end=\"3028\">\n<li data-start=\"2927\" data-end=\"2969\">\n<p data-start=\"2929\" data-end=\"2969\">Testo molto tecnico e poco accessibile<\/p>\n<\/li>\n<li data-start=\"2970\" data-end=\"3028\">\n<p data-start=\"2972\" data-end=\"3028\">Nessuna specifica sugli impatti concreti a breve termine<\/p>\n<\/li>\n<\/ul>\n<hr \/>\n<p data-start=\"148\" data-end=\"359\">\ud83d\udcc4 <strong data-start=\"151\" data-end=\"195\">Delibera di Giunta n. 160 del 14\/11\/2025<\/strong><br data-start=\"195\" data-end=\"198\" \/><strong data-start=\"198\" data-end=\"220\">Oggetto originale:<\/strong><br data-start=\"220\" data-end=\"223\" \/>RIPARTIZIONE DEI PROVENTI PER LE VIOLAZIONI AL CODICE DELLA STRADA AI SENSI DELL\u2019ART. 208 DEL CODICE DELLA STRADA &#8211; PREVISIONE ANNO 2026<\/p>\n<hr data-start=\"361\" data-end=\"364\" \/>\n<p data-start=\"366\" data-end=\"819\">\ud83c\udfe0 <strong data-start=\"369\" data-end=\"391\">Contesto generale:<\/strong><br data-start=\"391\" data-end=\"394\" \/>In applicazione dell\u2019art. 208 del Codice della Strada, il Comune di Caselle Torinese ha approvato la ripartizione dei proventi derivanti dalle sanzioni per violazioni al CdS, stimando per l\u2019anno 2026 un incasso complessivo di oltre 4,4 milioni di euro. La suddivisione segue le quote obbligatorie previste dalla normativa, destinando fondi specifici a segnaletica, manutenzione, sicurezza stradale e previdenza del personale.<\/p>\n<hr data-start=\"821\" data-end=\"824\" \/>\n<p data-start=\"826\" data-end=\"1227\">\ud83d\udcac <strong data-start=\"829\" data-end=\"848\">Cos\u2019\u00e8 successo?<\/strong><br data-start=\"848\" data-end=\"851\" \/>La Giunta ha deliberato l\u2019utilizzo dei proventi da sanzioni stradali secondo una previsione dettagliata. Dopo aver dedotto il Fondo Crediti di Dubbia Esigibilit\u00e0 (FCDE) e il compenso per il concessionario incaricato della gestione delle multe, resta una quota di circa <strong data-start=\"1120\" data-end=\"1144\">1,84 milioni di euro<\/strong>, di cui <strong data-start=\"1153\" data-end=\"1172\">921.907,75 euro<\/strong> ripartiti per spese correnti in tre principali ambiti:<\/p>\n<ol data-start=\"1229\" data-end=\"1393\">\n<li data-start=\"1229\" data-end=\"1273\">\n<p data-start=\"1232\" data-end=\"1273\"><strong data-start=\"1232\" data-end=\"1271\">Segnaletica e manutenzione stradale<\/strong><\/p>\n<\/li>\n<li data-start=\"1274\" data-end=\"1323\">\n<p data-start=\"1277\" data-end=\"1323\"><strong data-start=\"1277\" data-end=\"1321\">Potenziamento dell\u2019attivit\u00e0 di controllo<\/strong><\/p>\n<\/li>\n<li data-start=\"1324\" data-end=\"1393\">\n<p data-start=\"1327\" data-end=\"1393\"><strong data-start=\"1327\" data-end=\"1393\">Altre finalit\u00e0 connesse alla sicurezza stradale e al personale<\/strong><\/p>\n<\/li>\n<\/ol>\n<hr data-start=\"1395\" data-end=\"1398\" \/>\n<p data-start=\"1400\" data-end=\"1423\">\ud83d\udcb0 <strong data-start=\"1403\" data-end=\"1423\">Cifre coinvolte?<\/strong><\/p>\n<ul data-start=\"1425\" data-end=\"1732\">\n<li data-start=\"1425\" data-end=\"1485\">\n<p data-start=\"1427\" data-end=\"1485\"><strong data-start=\"1427\" data-end=\"1468\">Proventi complessivi previsti (2026):<\/strong> \u20ac 4.451.000,00<\/p>\n<\/li>\n<li data-start=\"1486\" data-end=\"1549\">\n<p data-start=\"1488\" data-end=\"1549\"><strong data-start=\"1488\" data-end=\"1532\">Fondo Crediti Dubbia Esigibilit\u00e0 (FCDE):<\/strong> \u20ac 1.720.184,50<\/p>\n<\/li>\n<li data-start=\"1550\" data-end=\"1615\">\n<p data-start=\"1552\" data-end=\"1615\"><strong data-start=\"1552\" data-end=\"1600\">Compenso al concessionario (gestione multe):<\/strong> \u20ac 887.000,00<\/p>\n<\/li>\n<li data-start=\"1616\" data-end=\"1668\">\n<p data-start=\"1618\" data-end=\"1668\"><strong data-start=\"1618\" data-end=\"1651\">Residuo per ripartizione CdS:<\/strong> \u20ac 1.843.815,50<\/p>\n<\/li>\n<li data-start=\"1669\" data-end=\"1732\">\n<p data-start=\"1671\" data-end=\"1732\"><strong data-start=\"1671\" data-end=\"1717\">Quota destinata alla spesa corrente (50%):<\/strong> \u20ac 921.907,75<\/p>\n<\/li>\n<\/ul>\n<p data-start=\"1734\" data-end=\"1763\"><strong data-start=\"1734\" data-end=\"1763\">Ripartizione dettagliata:<\/strong><\/p>\n<p data-start=\"1765\" data-end=\"1823\">\ud83d\udd39 <strong data-start=\"1768\" data-end=\"1823\">A) Segnaletica e manutenzione strade \u2013 \u20ac 230.476,93<\/strong><\/p>\n<ul data-start=\"1824\" data-end=\"2061\">\n<li data-start=\"1824\" data-end=\"1861\">\n<p data-start=\"1826\" data-end=\"1861\">Segnaletica stradale: \u20ac 80.000,00<\/p>\n<\/li>\n<li data-start=\"1862\" data-end=\"1911\">\n<p data-start=\"1864\" data-end=\"1911\">Sistemi di controllo elettronici: \u20ac 55.363,00<\/p>\n<\/li>\n<li data-start=\"1912\" data-end=\"1950\">\n<p data-start=\"1914\" data-end=\"1950\">Manutenzione impianti: \u20ac 48.000,00<\/p>\n<\/li>\n<li data-start=\"1951\" data-end=\"1992\">\n<p data-start=\"1953\" data-end=\"1992\">Toponomastica e acquisti: \u20ac 15.000,00<\/p>\n<\/li>\n<li data-start=\"1993\" data-end=\"2024\">\n<p data-start=\"1995\" data-end=\"2024\">Beni e servizi: \u20ac 17.100,00<\/p>\n<\/li>\n<li data-start=\"2025\" data-end=\"2061\">\n<p data-start=\"2027\" data-end=\"2061\">Manutenzione strade: \u20ac 15.013,93<\/p>\n<\/li>\n<\/ul>\n<p data-start=\"2063\" data-end=\"2111\">\ud83d\udd39 <strong data-start=\"2066\" data-end=\"2111\">B) Potenziamento controlli \u2013 \u20ac 230.476,94<\/strong><\/p>\n<ul data-start=\"2112\" data-end=\"2335\">\n<li data-start=\"2112\" data-end=\"2146\">\n<p data-start=\"2114\" data-end=\"2146\">Videosorveglianza: \u20ac 63.000,00<\/p>\n<\/li>\n<li data-start=\"2147\" data-end=\"2183\">\n<p data-start=\"2149\" data-end=\"2183\">Accesso banche dati: \u20ac 50.839,94<\/p>\n<\/li>\n<li data-start=\"2184\" data-end=\"2219\">\n<p data-start=\"2186\" data-end=\"2219\">Noleggio autovelox: \u20ac 60.000,00<\/p>\n<\/li>\n<li data-start=\"2220\" data-end=\"2266\">\n<p data-start=\"2222\" data-end=\"2266\">Sistemi controllo elettronici: \u20ac 24.637,00<\/p>\n<\/li>\n<li data-start=\"2267\" data-end=\"2308\">\n<p data-start=\"2269\" data-end=\"2308\">Mezzi per polizia locale: \u20ac 14.000,00<\/p>\n<\/li>\n<li data-start=\"2309\" data-end=\"2335\">\n<p data-start=\"2311\" data-end=\"2335\">Vestiario: \u20ac 18.000,00<\/p>\n<\/li>\n<\/ul>\n<p data-start=\"2337\" data-end=\"2376\">\ud83d\udd39 <strong data-start=\"2340\" data-end=\"2376\">C) Altre finalit\u00e0 \u2013 \u20ac 460.953,88<\/strong><\/p>\n<ul data-start=\"2377\" data-end=\"2630\">\n<li data-start=\"2377\" data-end=\"2428\">\n<p data-start=\"2379\" data-end=\"2428\">Manutenzione strade (seconda voce): \u20ac 87.786,07<\/p>\n<\/li>\n<li data-start=\"2429\" data-end=\"2461\">\n<p data-start=\"2431\" data-end=\"2461\">Rimozione neve: \u20ac 100.000,00<\/p>\n<\/li>\n<li data-start=\"2462\" data-end=\"2515\">\n<p data-start=\"2464\" data-end=\"2515\">Manutenzione pubblica illuminazione: \u20ac 175.000,00<\/p>\n<\/li>\n<li data-start=\"2516\" data-end=\"2556\">\n<p data-start=\"2518\" data-end=\"2556\">Manutenzione aree verdi: \u20ac 69.507,75<\/p>\n<\/li>\n<li data-start=\"2557\" data-end=\"2594\">\n<p data-start=\"2559\" data-end=\"2594\">Previdenza personale: \u20ac 19.500,00<\/p>\n<\/li>\n<li data-start=\"2595\" data-end=\"2630\">\n<p data-start=\"2597\" data-end=\"2630\">Accesso banche dati: \u20ac 9.160,06<\/p>\n<\/li>\n<\/ul>\n<hr data-start=\"2632\" data-end=\"2635\" \/>\n<p data-start=\"2637\" data-end=\"2656\">\ud83d\udd0e <strong data-start=\"2640\" data-end=\"2656\">Pro e Contro<\/strong><\/p>\n<p data-start=\"2658\" data-end=\"2669\">\u2714\ufe0f <strong data-start=\"2661\" data-end=\"2669\">Pro:<\/strong><\/p>\n<ul data-start=\"2670\" data-end=\"2937\">\n<li data-start=\"2670\" data-end=\"2731\">\n<p data-start=\"2672\" data-end=\"2731\">Rispetto delle norme di destinazione vincolata dei proventi<\/p>\n<\/li>\n<li data-start=\"2732\" data-end=\"2791\">\n<p data-start=\"2734\" data-end=\"2791\">Investimenti rilevanti in segnaletica e videosorveglianza<\/p>\n<\/li>\n<li data-start=\"2792\" data-end=\"2863\">\n<p data-start=\"2794\" data-end=\"2863\">Mantenimento di una buona dotazione strumentale per la polizia locale<\/p>\n<\/li>\n<li data-start=\"2864\" data-end=\"2937\">\n<p data-start=\"2866\" data-end=\"2937\">Sostegno ai servizi di manutenzione stagionale e illuminazione pubblica<\/p>\n<\/li>\n<\/ul>\n<p data-start=\"2939\" data-end=\"2952\">\u274c <strong data-start=\"2941\" data-end=\"2952\">Contro:<\/strong><\/p>\n<ul data-start=\"2953\" data-end=\"3182\">\n<li data-start=\"2953\" data-end=\"3051\">\n<p data-start=\"2955\" data-end=\"3051\">La manutenzione stradale riceve meno fondi diretti rispetto ad altri ambiti (es. rimozione neve)<\/p>\n<\/li>\n<li data-start=\"3052\" data-end=\"3112\">\n<p data-start=\"3054\" data-end=\"3112\">Spese per il concessionario alte (quasi il 20% del totale)<\/p>\n<\/li>\n<li data-start=\"3113\" data-end=\"3182\">\n<p data-start=\"3115\" data-end=\"3182\">Doppia voce sulla manutenzione strade pu\u00f2 generare poca trasparenza<\/p>\n<\/li>\n<\/ul>\n<hr data-start=\"3184\" data-end=\"3187\" \/>\n<p data-start=\"3189\" data-end=\"3210\">\ud83d\udd0d <strong data-start=\"3192\" data-end=\"3210\">Note tecniche:<\/strong><\/p>\n<p data-start=\"3212\" data-end=\"3454\">\u2714\ufe0f Ripartizione conforme all\u2019art. 208 del CdS<br data-start=\"3257\" data-end=\"3260\" \/>\u2714\ufe0f Inquadramento nel bilancio previsionale 2026<br data-start=\"3307\" data-end=\"3310\" \/>\u2714\ufe0f Coerenza con il DUP e PEG 2026\u20132028<br data-start=\"3348\" data-end=\"3351\" \/>\ud83d\udcce Nessun CIG\/CUP indicato, trattandosi di fondi interni e ripartizione non connessa ad appalti diretti<\/p>\n<hr \/>\n<p data-start=\"3819\" data-end=\"3927\">\ud83d\udcc4 <strong data-start=\"3822\" data-end=\"3866\">Delibera di Giunta n. 162 del 14\/11\/2025<\/strong><br data-start=\"3866\" data-end=\"3869\" \/><strong data-start=\"3869\" data-end=\"3891\">Oggetto originale:<\/strong><br data-start=\"3891\" data-end=\"3894\" \/>IMU 2026 \u2013 CONFERMA ALIQUOTE 2025<\/p>\n<p data-start=\"3929\" data-end=\"4067\">\ud83c\udfe0 <strong data-start=\"3932\" data-end=\"3954\">Contesto generale:<\/strong><br data-start=\"3954\" data-end=\"3957\" \/>La Giunta propone di confermare le aliquote IMU gi\u00e0 in vigore, rinviando l\u2019approvazione al Consiglio Comunale.<\/p>\n<p data-start=\"4069\" data-end=\"4142\">\ud83d\udcac <strong data-start=\"4072\" data-end=\"4091\">Cos\u2019\u00e8 successo?<\/strong><br data-start=\"4091\" data-end=\"4094\" \/>Nessuna variazione su aliquote base e riduzioni.<\/p>\n<p data-start=\"4144\" data-end=\"4169\">\ud83d\udcb0 <strong data-start=\"4147\" data-end=\"4167\">Cifre coinvolte?<\/strong><\/p>\n<ul data-start=\"4170\" data-end=\"4241\">\n<li data-start=\"4170\" data-end=\"4202\">\n<p data-start=\"4172\" data-end=\"4202\">Nessun dettaglio in delibera<\/p>\n<\/li>\n<li data-start=\"4203\" data-end=\"4241\">\n<p data-start=\"4205\" data-end=\"4241\">Resta in vigore la disciplina 2025<\/p>\n<\/li>\n<\/ul>\n<p data-start=\"4243\" data-end=\"4309\">\ud83c\udfe2 <strong data-start=\"4246\" data-end=\"4268\">Azienda coinvolta?<\/strong><br data-start=\"4268\" data-end=\"4271\" \/>Nessuna \u2013 entrata gestita internamente<\/p>\n<p data-start=\"4311\" data-end=\"4330\">\ud83d\udd0e <strong data-start=\"4314\" data-end=\"4330\">Pro e Contro<\/strong><\/p>\n<p data-start=\"4332\" data-end=\"4341\">\u2714\ufe0f Pro:<\/p>\n<ul data-start=\"4342\" data-end=\"4432\">\n<li data-start=\"4342\" data-end=\"4385\">\n<p data-start=\"4344\" data-end=\"4385\">Nessun aggravio fiscale per i cittadini<\/p>\n<\/li>\n<li data-start=\"4386\" data-end=\"4432\">\n<p data-start=\"4388\" data-end=\"4432\">Coerenza con la pianificazione di bilancio<\/p>\n<\/li>\n<\/ul>\n<p data-start=\"4434\" data-end=\"4445\">\u274c Contro:<\/p>\n<ul data-start=\"4446\" data-end=\"4567\">\n<li data-start=\"4446\" data-end=\"4502\">\n<p data-start=\"4448\" data-end=\"4502\">Nessuna valutazione su aggiornamento base imponibile<\/p>\n<\/li>\n<li data-start=\"4503\" data-end=\"4567\">\n<p data-start=\"4505\" data-end=\"4567\">Potenziale impatto su entrate se cambia il mercato immobiliare<\/p>\n<\/li>\n<\/ul>\n<hr data-start=\"4569\" data-end=\"4572\" \/>\n<p data-start=\"4574\" data-end=\"4705\">\ud83d\udcc4 <strong data-start=\"4577\" data-end=\"4621\">Delibera di Giunta n. 163 del 14\/11\/2025<\/strong><br data-start=\"4621\" data-end=\"4624\" \/><strong data-start=\"4624\" data-end=\"4646\">Oggetto originale:<\/strong><br data-start=\"4646\" data-end=\"4649\" \/>ADDIZIONALE IRPEF 2026 \u2013 CONFERMA 0,8% E SOGLIA \u20ac 15.000<\/p>\n<p data-start=\"4707\" data-end=\"4863\">\ud83c\udfe0 <strong data-start=\"4710\" data-end=\"4732\">Contesto generale:<\/strong><br data-start=\"4732\" data-end=\"4735\" \/>La Giunta propone la conferma dell\u2019aliquota dell\u2019addizionale comunale IRPEF allo 0,8% con esenzione sotto i 15.000 \u20ac di reddito.<\/p>\n<p data-start=\"4865\" data-end=\"4960\">\ud83d\udcac <strong data-start=\"4868\" data-end=\"4887\">Cos\u2019\u00e8 successo?<\/strong><br data-start=\"4887\" data-end=\"4890\" \/>Nulla cambia rispetto al 2015: esenzione e aliquota restano identiche.<\/p>\n<p data-start=\"4962\" data-end=\"4987\">\ud83d\udcb0 <strong data-start=\"4965\" data-end=\"4985\">Cifre coinvolte?<\/strong><\/p>\n<ul data-start=\"4988\" data-end=\"5073\">\n<li data-start=\"4988\" data-end=\"5010\">\n<p data-start=\"4990\" data-end=\"5010\">Nessuna variazione<\/p>\n<\/li>\n<li data-start=\"5011\" data-end=\"5073\">\n<p data-start=\"5013\" data-end=\"5073\">Impatto annuo stimato (2025): circa \u20ac 1 milione di entrata<\/p>\n<\/li>\n<\/ul>\n<p data-start=\"5075\" data-end=\"5148\">\ud83c\udfe2 <strong data-start=\"5078\" data-end=\"5100\">Azienda coinvolta?<\/strong><br data-start=\"5100\" data-end=\"5103\" \/>Nessuna \u2013 trattenuta da Agenzia delle Entrate<\/p>\n<p data-start=\"5150\" data-end=\"5169\">\ud83d\udd0e <strong data-start=\"5153\" data-end=\"5169\">Pro e Contro<\/strong><\/p>\n<p data-start=\"5171\" data-end=\"5180\">\u2714\ufe0f Pro:<\/p>\n<ul data-start=\"5181\" data-end=\"5241\">\n<li data-start=\"5181\" data-end=\"5203\">\n<p data-start=\"5183\" data-end=\"5203\">Continuit\u00e0 fiscale<\/p>\n<\/li>\n<li data-start=\"5204\" data-end=\"5241\">\n<p data-start=\"5206\" data-end=\"5241\">Protezione delle fasce pi\u00f9 deboli<\/p>\n<\/li>\n<\/ul>\n<p data-start=\"5243\" data-end=\"5254\">\u274c Contro:<\/p>\n<ul data-start=\"5255\" data-end=\"5348\">\n<li data-start=\"5255\" data-end=\"5295\">\n<p data-start=\"5257\" data-end=\"5295\">Manca adeguamento a costo della vita<\/p>\n<\/li>\n<li data-start=\"5296\" data-end=\"5348\">\n<p data-start=\"5298\" data-end=\"5348\">Pressione fiscale invariata per tutti sopra soglia<\/p>\n<\/li>\n<\/ul>\n<hr data-start=\"5350\" data-end=\"5353\" \/>\n<p data-start=\"5355\" data-end=\"5474\">\ud83d\udcc4 <strong data-start=\"5358\" data-end=\"5402\">Delibera di Giunta n. 164 del 14\/11\/2025<\/strong><br data-start=\"5402\" data-end=\"5405\" \/><strong data-start=\"5405\" data-end=\"5427\">Oggetto originale:<\/strong><br data-start=\"5427\" data-end=\"5430\" \/>CANONE PUBBLICITARIO 2026 \u2013 CONFERMA TARIFFE<\/p>\n<p data-start=\"5476\" data-end=\"5621\">\ud83c\udfe0 <strong data-start=\"5479\" data-end=\"5501\">Contesto generale:<\/strong><br data-start=\"5501\" data-end=\"5504\" \/>Si confermano le tariffe per la pubblicit\u00e0 e le affissioni per il 2026, senza modifiche rispetto all\u2019anno precedente.<\/p>\n<p data-start=\"5623\" data-end=\"5726\">\ud83d\udcac <strong data-start=\"5626\" data-end=\"5645\">Cos\u2019\u00e8 successo?<\/strong><br data-start=\"5645\" data-end=\"5648\" \/>Mantenute le tariffe per manifesti, locandine, pubblicit\u00e0 fonica e cartelloni.<\/p>\n<p data-start=\"5728\" data-end=\"5753\">\ud83d\udcb0 <strong data-start=\"5731\" data-end=\"5751\">Cifre coinvolte?<\/strong><\/p>\n<ul data-start=\"5754\" data-end=\"5861\">\n<li data-start=\"5754\" data-end=\"5788\">\n<p data-start=\"5756\" data-end=\"5788\">Manifesto 70&#215;100 (7gg): \u20ac 1,75<\/p>\n<\/li>\n<li data-start=\"5789\" data-end=\"5824\">\n<p data-start=\"5791\" data-end=\"5824\">Locandina &lt;1 mq (30 gg): \u20ac 1,40<\/p>\n<\/li>\n<li data-start=\"5825\" data-end=\"5861\">\n<p data-start=\"5827\" data-end=\"5861\">Pubblicit\u00e0 sonora: \u20ac 8,05\/giorno<\/p>\n<\/li>\n<\/ul>\n<p data-start=\"5863\" data-end=\"5948\">\ud83c\udfe2 <strong data-start=\"5866\" data-end=\"5888\">Azienda coinvolta?<\/strong><br data-start=\"5888\" data-end=\"5891\" \/>Nessuna \u2013 gestione interna o tramite appalto gi\u00e0 in corso<\/p>\n<p data-start=\"5950\" data-end=\"5969\">\ud83d\udd0e <strong data-start=\"5953\" data-end=\"5969\">Pro e Contro<\/strong><\/p>\n<p data-start=\"5971\" data-end=\"5980\">\u2714\ufe0f Pro:<\/p>\n<ul data-start=\"5981\" data-end=\"6032\">\n<li data-start=\"5981\" data-end=\"6013\">\n<p data-start=\"5983\" data-end=\"6013\">Prevedibilit\u00e0 per le aziende<\/p>\n<\/li>\n<li data-start=\"6014\" data-end=\"6032\">\n<p data-start=\"6016\" data-end=\"6032\">Nessun aumento<\/p>\n<\/li>\n<\/ul>\n<p data-start=\"6034\" data-end=\"6045\">\u274c Contro:<\/p>\n<ul data-start=\"6046\" data-end=\"6119\">\n<li data-start=\"6046\" data-end=\"6085\">\n<p data-start=\"6048\" data-end=\"6085\">Tariffe potenzialmente sottostimate<\/p>\n<\/li>\n<li data-start=\"6086\" data-end=\"6119\">\n<p data-start=\"6088\" data-end=\"6119\">Mancato aggiornamento economico<\/p>\n<\/li>\n<\/ul>\n<hr data-start=\"6121\" data-end=\"6124\" \/>\n<p data-start=\"6126\" data-end=\"6250\">\ud83d\udcc4 <strong data-start=\"6129\" data-end=\"6173\">Delibera di Giunta n. 165 del 14\/11\/2025<\/strong><br data-start=\"6173\" data-end=\"6176\" \/><strong data-start=\"6176\" data-end=\"6198\">Oggetto originale:<\/strong><br data-start=\"6198\" data-end=\"6201\" \/>TARIFFE SERVIZI A DOMANDA INDIVIDUALE \u2013 ANNO 2026<\/p>\n<p data-start=\"6252\" data-end=\"6402\">\ud83c\udfe0 <strong data-start=\"6255\" data-end=\"6277\">Contesto generale:<\/strong><br data-start=\"6277\" data-end=\"6280\" \/>Approvati criteri e tariffe per servizi pubblici a pagamento diretto, come mensa scolastica, trasporto, impianti sportivi.<\/p>\n<p data-start=\"6404\" data-end=\"6490\">\ud83d\udcac <strong data-start=\"6407\" data-end=\"6426\">Cos\u2019\u00e8 successo?<\/strong><br data-start=\"6426\" data-end=\"6429\" \/>Riconfermate le fasce ISEE, introdotti leggeri aggiustamenti.<\/p>\n<p data-start=\"6492\" data-end=\"6517\">\ud83d\udcb0 <strong data-start=\"6495\" data-end=\"6515\">Cifre coinvolte?<\/strong><\/p>\n<ul data-start=\"6518\" data-end=\"6664\">\n<li data-start=\"6518\" data-end=\"6569\">\n<p data-start=\"6520\" data-end=\"6569\">Mensa scolastica: \u20ac 3,80 a pasto (fascia piena)<\/p>\n<\/li>\n<li data-start=\"6570\" data-end=\"6614\">\n<p data-start=\"6572\" data-end=\"6614\">Trasporto scolastico: fino a \u20ac 270 annui<\/p>\n<\/li>\n<li data-start=\"6615\" data-end=\"6664\">\n<p data-start=\"6617\" data-end=\"6664\">Impianti sportivi: tariffe orarie invariabili<\/p>\n<\/li>\n<\/ul>\n<p data-start=\"6666\" data-end=\"6756\">\ud83c\udfe2 <strong data-start=\"6669\" data-end=\"6691\">Azienda coinvolta?<\/strong><br data-start=\"6691\" data-end=\"6694\" \/>Gestori terzi per alcuni servizi (es. ristorazione scolastica)<\/p>\n<p data-start=\"6758\" data-end=\"6777\">\ud83d\udd0e <strong data-start=\"6761\" data-end=\"6777\">Pro e Contro<\/strong><\/p>\n<p data-start=\"6779\" data-end=\"6788\">\u2714\ufe0f Pro:<\/p>\n<ul data-start=\"6789\" data-end=\"6851\">\n<li data-start=\"6789\" data-end=\"6825\">\n<p data-start=\"6791\" data-end=\"6825\">Tariffe equilibrate per famiglie<\/p>\n<\/li>\n<li data-start=\"6826\" data-end=\"6851\">\n<p data-start=\"6828\" data-end=\"6851\">Struttura trasparente<\/p>\n<\/li>\n<\/ul>\n<p data-start=\"6853\" data-end=\"6864\">\u274c Contro:<\/p>\n<ul data-start=\"6865\" data-end=\"6936\">\n<li data-start=\"6865\" data-end=\"6910\">\n<p data-start=\"6867\" data-end=\"6910\">Nessuna vera revisione dei costi\/benefici<\/p>\n<\/li>\n<li data-start=\"6911\" data-end=\"6936\">\n<p data-start=\"6913\" data-end=\"6936\">Invariabilit\u00e0 nel tempo<\/p>\n<\/li>\n<\/ul>\n<hr data-start=\"6938\" data-end=\"6941\" \/>\n<p data-start=\"6943\" data-end=\"7074\">\ud83d\udcc4 <strong data-start=\"6946\" data-end=\"6990\">Delibera di Giunta n. 166 del 14\/11\/2025<\/strong><br data-start=\"6990\" data-end=\"6993\" \/><strong data-start=\"6993\" data-end=\"7015\">Oggetto originale:<\/strong><br data-start=\"7015\" data-end=\"7018\" \/>SCHEMA DI BILANCIO PREVISIONALE 2026\u20132028 \u2013 APPROVAZIONE<\/p>\n<p data-start=\"7076\" data-end=\"7216\">\ud83c\udfe0 <strong data-start=\"7079\" data-end=\"7101\">Contesto generale:<\/strong><br data-start=\"7101\" data-end=\"7104\" \/>Approvato lo schema del bilancio per il triennio 2026\u20132028, da trasmettere al Consiglio per approvazione finale.<\/p>\n<p data-start=\"7218\" data-end=\"7299\">\ud83d\udcac <strong data-start=\"7221\" data-end=\"7240\">Cos\u2019\u00e8 successo?<\/strong><br data-start=\"7240\" data-end=\"7243\" \/>Redatto bilancio armonizzato, in coerenza con DUP e PEG.<\/p>\n<p data-start=\"7301\" data-end=\"7326\">\ud83d\udcb0 <strong data-start=\"7304\" data-end=\"7324\">Cifre coinvolte?<\/strong><\/p>\n<ul data-start=\"7327\" data-end=\"7432\">\n<li data-start=\"7327\" data-end=\"7397\">\n<p data-start=\"7329\" data-end=\"7397\">Totale entrate e spese previste: riservato al bilancio dettagliato<\/p>\n<\/li>\n<li data-start=\"7398\" data-end=\"7432\">\n<p data-start=\"7400\" data-end=\"7432\">Equilibrio pareggio: garantito<\/p>\n<\/li>\n<\/ul>\n<p data-start=\"7434\" data-end=\"7506\">\ud83c\udfe2 <strong data-start=\"7437\" data-end=\"7459\">Azienda coinvolta?<\/strong><br data-start=\"7459\" data-end=\"7462\" \/>Nessuna \u2013 attivit\u00e0 di programmazione interna<\/p>\n<p data-start=\"7508\" data-end=\"7527\">\ud83d\udd0e <strong data-start=\"7511\" data-end=\"7527\">Pro e Contro<\/strong><\/p>\n<p data-start=\"7529\" data-end=\"7538\">\u2714\ufe0f Pro:<\/p>\n<ul data-start=\"7539\" data-end=\"7611\">\n<li data-start=\"7539\" data-end=\"7588\">\n<p data-start=\"7541\" data-end=\"7588\">Bilancio preventivo pronto nei tempi di legge<\/p>\n<\/li>\n<li data-start=\"7589\" data-end=\"7611\">\n<p data-start=\"7591\" data-end=\"7611\">Struttura coerente<\/p>\n<\/li>\n<\/ul>\n<p data-start=\"7613\" data-end=\"7624\">\u274c Contro:<\/p>\n<ul data-start=\"7625\" data-end=\"7725\">\n<li data-start=\"7625\" data-end=\"7676\">\n<p data-start=\"7627\" data-end=\"7676\">Documento tecnico poco accessibile al cittadino<\/p>\n<\/li>\n<li data-start=\"7677\" data-end=\"7725\">\n<p data-start=\"7679\" data-end=\"7725\">Nessun focus su nuove progettualit\u00e0 importanti<\/p>\n<\/li>\n<\/ul>\n<hr \/>\n<p data-start=\"252\" data-end=\"426\">\ud83d\udcc4 <strong data-start=\"255\" data-end=\"295\">Determinazione n. 705 del 11\/11\/2025<\/strong><br data-start=\"295\" data-end=\"298\" \/><strong data-start=\"298\" data-end=\"320\">Oggetto originale:<\/strong><br data-start=\"320\" data-end=\"323\" \/>SERVIZI ALLA PERSONA \u2013 AGENZIA SOCIALE PER LA LOCAZIONE (ASLO) \u2013 APPROVAZIONE AVVISO E IMPEGNO DI SPESA<\/p>\n<p data-start=\"428\" data-end=\"714\">\ud83c\udfe0 <strong data-start=\"431\" data-end=\"453\">Contesto generale:<\/strong><br data-start=\"453\" data-end=\"456\" \/>Il Comune, tramite l\u2019Agenzia Sociale per la Locazione (ASLO), rilancia l\u2019attivit\u00e0 di sostegno all\u2019accesso e alla permanenza nelle abitazioni in affitto, in collaborazione con il consorzio socio-assistenziale C.I.S. e l\u2019Associazione Temporanea di Scopo (ATS).<\/p>\n<p data-start=\"716\" data-end=\"883\">\ud83d\udcac <strong data-start=\"719\" data-end=\"738\">Cos\u2019\u00e8 successo?<\/strong><br data-start=\"738\" data-end=\"741\" \/>\u00c8 stato approvato l\u2019avviso pubblico per l\u2019individuazione di alloggi e soggetti beneficiari e si \u00e8 impegnata la relativa spesa per l\u2019anno 2025.<\/p>\n<p data-start=\"885\" data-end=\"910\">\ud83d\udcb0 <strong data-start=\"888\" data-end=\"908\">Cifre coinvolte?<\/strong><\/p>\n<ul data-start=\"911\" data-end=\"1044\">\n<li data-start=\"911\" data-end=\"981\">\n<p data-start=\"913\" data-end=\"981\"><strong data-start=\"913\" data-end=\"928\">\u20ac 20.000,00<\/strong> destinati a spese ASLO \u2013 quota a carico del Comune<\/p>\n<\/li>\n<li data-start=\"982\" data-end=\"1044\">\n<p data-start=\"984\" data-end=\"1044\">Spesa a valere sul bilancio 2025, missione 12, programma 2<\/p>\n<\/li>\n<\/ul>\n<p data-start=\"1046\" data-end=\"1197\">\ud83c\udfe2 <strong data-start=\"1049\" data-end=\"1071\">Azienda coinvolta?<\/strong><br data-start=\"1071\" data-end=\"1074\" \/>C.I.S. di Ciri\u00e9 \u2013 ente gestore del servizio<br data-start=\"1117\" data-end=\"1120\" \/>Associazione Temporanea di Scopo tra enti locali e soggetti del terzo settore<\/p>\n<p data-start=\"1199\" data-end=\"1218\">\ud83d\udd0e <strong data-start=\"1202\" data-end=\"1218\">Pro e Contro<\/strong><\/p>\n<p data-start=\"1220\" data-end=\"1229\">\u2714\ufe0f Pro:<\/p>\n<ul data-start=\"1230\" data-end=\"1331\">\n<li data-start=\"1230\" data-end=\"1288\">\n<p data-start=\"1232\" data-end=\"1288\">Supporto concreto per l\u2019abitare a soggetti vulnerabili<\/p>\n<\/li>\n<li data-start=\"1289\" data-end=\"1331\">\n<p data-start=\"1291\" data-end=\"1331\">Sviluppo di politiche abitative locali<\/p>\n<\/li>\n<\/ul>\n<p data-start=\"1333\" data-end=\"1344\">\u274c Contro:<\/p>\n<ul data-start=\"1345\" data-end=\"1409\">\n<li data-start=\"1345\" data-end=\"1365\">\n<p data-start=\"1347\" data-end=\"1365\">Risorse limitate<\/p>\n<\/li>\n<li data-start=\"1366\" data-end=\"1409\">\n<p data-start=\"1368\" data-end=\"1409\">Dipendenza da collaborazione tra pi\u00f9 enti<\/p>\n<\/li>\n<\/ul>\n<p data-start=\"2359\" data-end=\"2417\">\n<hr data-start=\"2419\" data-end=\"2422\" \/>\n<p data-start=\"2424\" data-end=\"2557\">\ud83d\udcc4 <strong data-start=\"2427\" data-end=\"2462\">Ordinanza n. 166 del 17\/11\/2025<\/strong><br data-start=\"2462\" data-end=\"2465\" \/><strong data-start=\"2465\" data-end=\"2487\">Oggetto originale:<\/strong><br data-start=\"2487\" data-end=\"2490\" \/>CHIUSURA DI VIA BASILIO BONA PER OCCUPAZIONE SUOLO PUBBLICO (COSAP)<\/p>\n<p data-start=\"2559\" data-end=\"2713\">\ud83c\udfe0 <strong data-start=\"2562\" data-end=\"2584\">Contesto generale:<\/strong><br data-start=\"2584\" data-end=\"2587\" \/>Per permettere attivit\u00e0 edilizie o manutentive su suolo pubblico, viene disposta la chiusura temporanea di un tratto stradale.<\/p>\n<p data-start=\"2715\" data-end=\"2907\">\ud83d\udcac <strong data-start=\"2718\" data-end=\"2737\">Cos\u2019\u00e8 successo?<\/strong><br data-start=\"2737\" data-end=\"2740\" \/>\u00c8 stata ordinata la <strong data-start=\"2760\" data-end=\"2814\">chiusura al traffico veicolare di via Basilio Bona<\/strong> (tratto specificato nell\u2019ordinanza) per il periodo compreso tra il 18 e il 22 novembre 2025.<\/p>\n<p data-start=\"2909\" data-end=\"2934\">\ud83d\udcb0 <strong data-start=\"2912\" data-end=\"2932\">Cifre coinvolte?<\/strong><\/p>\n<ul data-start=\"2935\" data-end=\"3008\">\n<li data-start=\"2935\" data-end=\"2966\">\n<p data-start=\"2937\" data-end=\"2966\">Nessuna spesa per il Comune<\/p>\n<\/li>\n<li data-start=\"2967\" data-end=\"3008\">\n<p data-start=\"2969\" data-end=\"3008\">COSAP dovuta a carico del richiedente<\/p>\n<\/li>\n<\/ul>\n<p data-start=\"3010\" data-end=\"3145\">\ud83c\udfe2 <strong data-start=\"3013\" data-end=\"3035\">Azienda coinvolta?<\/strong><br data-start=\"3035\" data-end=\"3038\" \/>Richiedente non indicato esplicitamente nel frontespizio<br data-start=\"3094\" data-end=\"3097\" \/>(da verificare negli atti tecnici se necessario)<\/p>\n<p data-start=\"3147\" data-end=\"3166\">\ud83d\udd0e <strong data-start=\"3150\" data-end=\"3166\">Pro e Contro<\/strong><\/p>\n<p data-start=\"3168\" data-end=\"3177\">\u2714\ufe0f Pro:<\/p>\n<ul data-start=\"3178\" data-end=\"3283\">\n<li data-start=\"3178\" data-end=\"3228\">\n<p data-start=\"3180\" data-end=\"3228\">Regolazione efficace dell\u2019occupazione pubblica<\/p>\n<\/li>\n<li data-start=\"3229\" data-end=\"3283\">\n<p data-start=\"3231\" data-end=\"3283\">Preavviso con indicazioni chiare alla cittadinanza<\/p>\n<\/li>\n<\/ul>\n<p data-start=\"3285\" data-end=\"3296\">\u274c Contro:<\/p>\n<ul data-start=\"3297\" data-end=\"3396\">\n<li data-start=\"3297\" data-end=\"3341\">\n<p data-start=\"3299\" data-end=\"3341\">Possibili disagi per la viabilit\u00e0 locale<\/p>\n<\/li>\n<li data-start=\"3342\" data-end=\"3396\">\n<p data-start=\"3344\" data-end=\"3396\">Informazione limitata se non comunicata esternamente<\/p>\n<\/li>\n<\/ul>\n<hr data-start=\"3398\" data-end=\"3401\" \/>\n<p data-start=\"3403\" data-end=\"3550\">\ud83d\udcc4 <strong data-start=\"3406\" data-end=\"3441\">Ordinanza n. 167 del 17\/11\/2025<\/strong><br data-start=\"3441\" data-end=\"3444\" \/><strong data-start=\"3444\" data-end=\"3466\">Oggetto originale:<\/strong><br data-start=\"3466\" data-end=\"3469\" \/>DISCIPLINA TEMPORANEA DELLA CIRCOLAZIONE \u2013 FIERA DI SANT\u2019ANDREA \u2013 7 DICEMBRE 2025<\/p>\n<p data-start=\"3552\" data-end=\"3708\">\ud83c\udfe0 <strong data-start=\"3555\" data-end=\"3577\">Contesto generale:<\/strong><br data-start=\"3577\" data-end=\"3580\" \/>In occasione della tradizionale Fiera di Sant\u2019Andrea, viene regolata la circolazione nel centro urbano con divieti e deviazioni.<\/p>\n<p data-start=\"3710\" data-end=\"3748\">\ud83d\udcac <strong data-start=\"3713\" data-end=\"3732\">Cos\u2019\u00e8 successo?<\/strong><br data-start=\"3732\" data-end=\"3735\" \/>Si dispone:<\/p>\n<ul data-start=\"3749\" data-end=\"3894\">\n<li data-start=\"3749\" data-end=\"3802\">\n<p data-start=\"3751\" data-end=\"3802\">Divieto di sosta e transito in varie vie centrali<\/p>\n<\/li>\n<li data-start=\"3803\" data-end=\"3848\">\n<p data-start=\"3805\" data-end=\"3848\">Chiusura temporanea di piazze e parcheggi<\/p>\n<\/li>\n<li data-start=\"3849\" data-end=\"3894\">\n<p data-start=\"3851\" data-end=\"3894\">Deviazioni per i bus del trasporto pubblico<\/p>\n<\/li>\n<\/ul>\n<p data-start=\"3896\" data-end=\"3921\">\ud83d\udcb0 <strong data-start=\"3899\" data-end=\"3919\">Cifre coinvolte?<\/strong><\/p>\n<ul data-start=\"3922\" data-end=\"4022\">\n<li data-start=\"3922\" data-end=\"3957\">\n<p data-start=\"3924\" data-end=\"3957\">Nessun costo diretto per l\u2019ente<\/p>\n<\/li>\n<li data-start=\"3958\" data-end=\"4022\">\n<p data-start=\"3960\" data-end=\"4022\">Eventuali straordinari gestiti dal Comando di Polizia Locale<\/p>\n<\/li>\n<\/ul>\n<p data-start=\"4024\" data-end=\"4130\">\ud83c\udfe2 <strong data-start=\"4027\" data-end=\"4049\">Azienda coinvolta?<\/strong><br data-start=\"4049\" data-end=\"4052\" \/>GTT (per eventuali deviazioni TPL)<br data-start=\"4086\" data-end=\"4089\" \/>Associazioni locali coinvolte nella fiera<\/p>\n<p data-start=\"4132\" data-end=\"4151\">\ud83d\udd0e <strong data-start=\"4135\" data-end=\"4151\">Pro e Contro<\/strong><\/p>\n<p data-start=\"4153\" data-end=\"4162\">\u2714\ufe0f Pro:<\/p>\n<ul data-start=\"4163\" data-end=\"4261\">\n<li data-start=\"4163\" data-end=\"4218\">\n<p data-start=\"4165\" data-end=\"4218\">Organizzazione logistica per un evento tradizionale<\/p>\n<\/li>\n<li data-start=\"4219\" data-end=\"4261\">\n<p data-start=\"4221\" data-end=\"4261\">Coinvolgimento del tessuto associativo<\/p>\n<\/li>\n<\/ul>\n<p data-start=\"4263\" data-end=\"4274\">\u274c Contro:<\/p>\n<ul data-start=\"4275\" data-end=\"4355\">\n<li data-start=\"4275\" data-end=\"4306\">\n<p data-start=\"4277\" data-end=\"4306\">Impatto sul traffico urbano<\/p>\n<\/li>\n<li data-start=\"4307\" data-end=\"4355\">\n<p data-start=\"4309\" data-end=\"4355\">Disagi temporanei per residenti e commercianti<\/p>\n<\/li>\n<\/ul>\n<hr data-start=\"4357\" data-end=\"4360\" \/>\n<p data-start=\"4362\" data-end=\"4580\">\ud83d\udcc4 <strong data-start=\"4365\" data-end=\"4437\">Avviso di Manifestazione di Interesse \u2013 Agente di Polizia Municipale<\/strong><br data-start=\"4437\" data-end=\"4440\" \/><strong data-start=\"4440\" data-end=\"4462\">Oggetto originale:<\/strong><br data-start=\"4462\" data-end=\"4465\" \/>AVVISO PER IDONEI IN GRADUATORIE DI CONCORSI PUBBLICI DI ALTRI ENTI \u2013 1 POSTO AREA ISTRUTTORI \u2013 SCADENZA 24.11.2025<\/p>\n<p data-start=\"4582\" data-end=\"4766\">\ud83c\udfe0 <strong data-start=\"4585\" data-end=\"4607\">Contesto generale:<\/strong><br data-start=\"4607\" data-end=\"4610\" \/>Il Comune cerca di coprire un posto vacante nella Polizia Municipale utilizzando graduatorie di altri enti, secondo quanto previsto dalla normativa vigente.<\/p>\n<p data-start=\"4768\" data-end=\"4944\">\ud83d\udcac <strong data-start=\"4771\" data-end=\"4790\">Cos\u2019\u00e8 successo?<\/strong><br data-start=\"4790\" data-end=\"4793\" \/>\u00c8 stato pubblicato un avviso rivolto agli idonei collocati in altre graduatorie concorsuali. Il contratto previsto \u00e8 a <strong data-start=\"4912\" data-end=\"4943\">tempo pieno e indeterminato<\/strong>.<\/p>\n<p data-start=\"4946\" data-end=\"4971\">\ud83d\udcb0 <strong data-start=\"4949\" data-end=\"4969\">Cifre coinvolte?<\/strong><\/p>\n<ul data-start=\"4972\" data-end=\"5071\">\n<li data-start=\"4972\" data-end=\"5028\">\n<p data-start=\"4974\" data-end=\"5028\">Inquadramento Area Istruttori \u2013 CCNL Funzioni Locali<\/p>\n<\/li>\n<li data-start=\"5029\" data-end=\"5071\">\n<p data-start=\"5031\" data-end=\"5071\">Stipendio secondo tabella contrattuale<\/p>\n<\/li>\n<\/ul>\n<p data-start=\"5073\" data-end=\"5153\">\ud83c\udfe2 <strong data-start=\"5076\" data-end=\"5098\">Azienda coinvolta?<\/strong><br data-start=\"5098\" data-end=\"5101\" \/>Non \u00e8 un\u2019azienda, ma una procedura tra enti pubblici<\/p>\n<p data-start=\"5155\" data-end=\"5174\">\ud83d\udd0e <strong data-start=\"5158\" data-end=\"5174\">Pro e Contro<\/strong><\/p>\n<p data-start=\"5176\" data-end=\"5185\">\u2714\ufe0f Pro:<\/p>\n<ul data-start=\"5186\" data-end=\"5283\">\n<li data-start=\"5186\" data-end=\"5230\">\n<p data-start=\"5188\" data-end=\"5230\">Snellimento delle procedure assunzionali<\/p>\n<\/li>\n<li data-start=\"5231\" data-end=\"5283\">\n<p data-start=\"5233\" data-end=\"5283\">Risparmio sui costi e tempi di un nuovo concorso<\/p>\n<\/li>\n<\/ul>\n<p data-start=\"5285\" data-end=\"5296\">\u274c Contro:<\/p>\n<ul data-start=\"5297\" data-end=\"5390\">\n<li data-start=\"5297\" data-end=\"5346\">\n<p data-start=\"5299\" data-end=\"5346\">Possibile rinuncia da parte degli interessati<\/p>\n<\/li>\n<li data-start=\"5347\" data-end=\"5390\">\n<p data-start=\"5349\" data-end=\"5390\">Meno controllo nella scelta del candidato<\/p>\n<\/li>\n<\/ul>\n\n\n<p><\/p>\n","protected":false},"excerpt":{"rendered":"<p>Oggi, ci immergiamo nuovamente nel mare magnum degli atti amministrativi. E lo facciamo armati&hellip;<\/p>\n","protected":false},"author":4,"featured_media":1901668,"comment_status":"closed","ping_status":"open","sticky":false,"template":"","format":"standard","meta":{"om_disable_all_campaigns":false,"_sitemap_exclude":false,"_sitemap_priority":"","_sitemap_frequency":"","_monsterinsights_skip_tracking":false,"_monsterinsights_sitenote_active":false,"_monsterinsights_sitenote_note":"","_monsterinsights_sitenote_category":0,"footnotes":""},"categories":[213,661,6097,176],"tags":[],"class_list":["post-1901666","post","type-post","status-publish","format-standard","has-post-thumbnail","hentry","category-amministrazione-comunale","category-ironie-burocratiche","category-novembre-2025","category-ticpunto"],"aioseo_notices":[],"_links":{"self":[{"href":"https:\/\/ticronometro.com\/wp\/wp-json\/wp\/v2\/posts\/1901666","targetHints":{"allow":["GET"]}}],"collection":[{"href":"https:\/\/ticronometro.com\/wp\/wp-json\/wp\/v2\/posts"}],"about":[{"href":"https:\/\/ticronometro.com\/wp\/wp-json\/wp\/v2\/types\/post"}],"author":[{"embeddable":true,"href":"https:\/\/ticronometro.com\/wp\/wp-json\/wp\/v2\/users\/4"}],"replies":[{"embeddable":true,"href":"https:\/\/ticronometro.com\/wp\/wp-json\/wp\/v2\/comments?post=1901666"}],"version-history":[{"count":3,"href":"https:\/\/ticronometro.com\/wp\/wp-json\/wp\/v2\/posts\/1901666\/revisions"}],"predecessor-version":[{"id":1901670,"href":"https:\/\/ticronometro.com\/wp\/wp-json\/wp\/v2\/posts\/1901666\/revisions\/1901670"}],"wp:featuredmedia":[{"embeddable":true,"href":"https:\/\/ticronometro.com\/wp\/wp-json\/wp\/v2\/media\/1901668"}],"wp:attachment":[{"href":"https:\/\/ticronometro.com\/wp\/wp-json\/wp\/v2\/media?parent=1901666"}],"wp:term":[{"taxonomy":"category","embeddable":true,"href":"https:\/\/ticronometro.com\/wp\/wp-json\/wp\/v2\/categories?post=1901666"},{"taxonomy":"post_tag","embeddable":true,"href":"https:\/\/ticronometro.com\/wp\/wp-json\/wp\/v2\/tags?post=1901666"}],"curies":[{"name":"wp","href":"https:\/\/api.w.org\/{rel}","templated":true}]}}