{"id":1815708,"date":"2025-09-01T17:29:16","date_gmt":"2025-09-01T15:29:16","guid":{"rendered":"https:\/\/ticronometro.com\/wp\/2025\/09\/notizie-rss\/da-torino\/sabrina-salerno-torino-e-magica-la-foto-con-la-maglia-sono-fatta-cosi-dalla-mole-antonelliana-manda-in-delirio-i-fan\/"},"modified":"2025-09-02T08:21:03","modified_gmt":"2025-09-02T06:21:03","slug":"sabrina-salerno-torino-e-magica-la-foto-con-la-maglia-sono-fatta-cosi-dalla-mole-antonelliana-manda-in-delirio-i-fan","status":"publish","type":"post","link":"https:\/\/ticronometro.com\/wp\/2025\/09\/notizie-rss\/da-torino\/sabrina-salerno-torino-e-magica-la-foto-con-la-maglia-sono-fatta-cosi-dalla-mole-antonelliana-manda-in-delirio-i-fan\/","title":{"rendered":"Sabrina Salerno, &#8220;Torino \u00e8 magica&#8221;: la foto con la maglia &#8220;Sono fatta cos\u00ec&#8221; dalla Mole Antonelliana manda in delirio i fan"},"content":{"rendered":"<p><img decoding=\"async\" src=\"https:\/\/citynews-torinotoday.stgy.ovh\/~media\/original-hi\/45433631250343\/sabrina_salerno_2-2.jpg\" alt=\"Sabrina Salerno, &quot;Torino &egrave; magica&quot;: la foto con la maglia &quot;Sono fatta cos&igrave;&quot; dalla Mole Antonelliana manda in delirio i fan\"\/> &#8220;The magic city, Torino. Torino, la citt\u00e0 magica&#8221;. A Sabrina Salerno, 57 anni, \u00e8 bastato questo semplice post per fare il pieno di like, complice anche la sua forma come sempre smagliante.Oggi, luned\u00ec 1\u00b0 settembre, l&#8217;attrice e showgirl, nota anche per il suo fisico statuario e considerata una&#8230;<a href=https:\/\/www.torinotoday.it\/social\/sabrina-salerno-torino-mole-sono-fatta-cosi.html>Continua la Lettura<\/a><\/p>\n","protected":false},"excerpt":{"rendered":"<p>&#8220;The magic city, Torino. Torino, la citt\u00e0 magica&#8221;. A Sabrina Salerno, 57 anni, \u00e8 bastato questo semplice post per fare il pieno di like, complice anche la sua forma come sempre smagliante.Oggi, luned\u00ec 1\u00b0 settembre, l&#8217;attrice e showgirl, nota anche per il suo fisico statuario e considerata una&#8230;<\/p>\n","protected":false},"author":1,"featured_media":162279,"comment_status":"closed","ping_status":"open","sticky":false,"template":"","format":"standard","meta":{"om_disable_all_campaigns":false,"_sitemap_exclude":false,"_sitemap_priority":"","_sitemap_frequency":"","_monsterinsights_skip_tracking":false,"_monsterinsights_sitenote_active":false,"_monsterinsights_sitenote_note":"","_monsterinsights_sitenote_category":0,"footnotes":""},"categories":[72],"tags":[],"class_list":["post-1815708","post","type-post","status-publish","format-standard","has-post-thumbnail","hentry","category-da-torino"],"aioseo_notices":[],"_links":{"self":[{"href":"https:\/\/ticronometro.com\/wp\/wp-json\/wp\/v2\/posts\/1815708","targetHints":{"allow":["GET"]}}],"collection":[{"href":"https:\/\/ticronometro.com\/wp\/wp-json\/wp\/v2\/posts"}],"about":[{"href":"https:\/\/ticronometro.com\/wp\/wp-json\/wp\/v2\/types\/post"}],"author":[{"embeddable":true,"href":"https:\/\/ticronometro.com\/wp\/wp-json\/wp\/v2\/users\/1"}],"replies":[{"embeddable":true,"href":"https:\/\/ticronometro.com\/wp\/wp-json\/wp\/v2\/comments?post=1815708"}],"version-history":[{"count":109,"href":"https:\/\/ticronometro.com\/wp\/wp-json\/wp\/v2\/posts\/1815708\/revisions"}],"predecessor-version":[{"id":1816680,"href":"https:\/\/ticronometro.com\/wp\/wp-json\/wp\/v2\/posts\/1815708\/revisions\/1816680"}],"wp:featuredmedia":[{"embeddable":true,"href":"https:\/\/ticronometro.com\/wp\/wp-json\/wp\/v2\/media\/162279"}],"wp:attachment":[{"href":"https:\/\/ticronometro.com\/wp\/wp-json\/wp\/v2\/media?parent=1815708"}],"wp:term":[{"taxonomy":"category","embeddable":true,"href":"https:\/\/ticronometro.com\/wp\/wp-json\/wp\/v2\/categories?post=1815708"},{"taxonomy":"post_tag","embeddable":true,"href":"https:\/\/ticronometro.com\/wp\/wp-json\/wp\/v2\/tags?post=1815708"}],"curies":[{"name":"wp","href":"https:\/\/api.w.org\/{rel}","templated":true}]}}