{"id":1784218,"date":"2025-08-21T09:00:24","date_gmt":"2025-08-21T07:00:24","guid":{"rendered":"https:\/\/ticronometro.com\/wp\/2025\/08\/bulletin-istituzionale\/citta-metropolitana-torino\/%f0%9f%8f%bainiziato-il-conto-alla-rovescia-la-64a-mostra-della-ceramica-castellamonte\/"},"modified":"2025-08-23T11:01:26","modified_gmt":"2025-08-23T09:01:26","slug":"%f0%9f%8f%bainiziato-il-conto-alla-rovescia-la-64a-mostra-della-ceramica-castellamonte","status":"publish","type":"post","link":"https:\/\/ticronometro.com\/wp\/2025\/08\/bulletin-istituzionale\/citta-metropolitana-torino\/%f0%9f%8f%bainiziato-il-conto-alla-rovescia-la-64a-mostra-della-ceramica-castellamonte\/","title":{"rendered":"\ud83c\udffaIniziato il conto alla rovescia! La 64a Mostra della Ceramica &#8211; Castellamonte\u2026"},"content":{"rendered":"<p>\ud83c\udffaIniziato il conto alla rovescia!<br \/>La 64a Mostra della Ceramica &#8211; Castellamonte sar\u00e0 inaugurata sabato 23 agosto alle ore 16,30 in Piazza Martiri della Libert\u00e0 del Comune di Castellamonte.<br \/>\u2705Il sindaco e consigliere di Citt\u00e0 metropolitana di Torino Pasquale Mazza, insieme alle istituzioni invitate, dar\u00e0 il via ad una edizione che, ancor pi\u00f9 degli altri anni,  vuole essere una vetrina internazionale per artigiani ed artisti del settore ceramico.<br \/>\ud83c\udf1fLa mostra, curata da Giuseppe Bertero, fino al 14 settembre sar\u00e0 aperta al pubblico:<br \/>dal marted\u00ec al venerd\u00ec ore 16, 00 \u2013 20,00<br \/>sabato e domenica dalle ore 10,00 alle 20,00.<br \/>Ingresso libero.<br \/>Per informazioni:<br \/>cultura@comune.castellamonte.to.it<br \/>Tel. 0124.51.87.216 \u2013 335.14.04.689<\/p>\n","protected":false},"excerpt":{"rendered":"<p>\ud83c\udffaIniziato il conto alla rovescia!<br \/>\nLa 64a Mostra della Ceramica &#8211; Castellamonte sar\u00e0 inaugurata sabato 23 agosto alle ore 16,30 in Piazza Martiri della Libert\u00e0 del Comune di Castellamonte.<br \/>\n\u2705Il sindaco e consigliere di Citt\u00e0 metropolitana di Torino Pasquale Mazza, insieme alle istituzioni invitate, dar\u00e0 il via ad una edizione che, ancor pi\u00f9 degli altri anni, vuole essere una vetrina internazionale per artigiani ed artisti del settore ceramico.<br \/>\n\ud83c\udf1fLa mostra, curata da Giuseppe Bertero, fino al 14 settembre sar\u00e0 aperta al pubblico:<br \/>\ndal marted\u00ec al venerd\u00ec ore 16, 00 \u2013 20,00<br \/>\nsabato e domenica dalle ore 10,00 alle 20,00.<br \/>\nIngresso libero.<br \/>\nPer informazioni:<br \/>\ncultura@comune.castellamonte.to.it<br \/>\nTel. 0124.51.87.216 \u2013 335.14.04.689<\/p>\n","protected":false},"author":1,"featured_media":1790325,"comment_status":"closed","ping_status":"open","sticky":false,"template":"","format":"standard","meta":{"om_disable_all_campaigns":false,"_sitemap_exclude":false,"_sitemap_priority":"","_sitemap_frequency":"","_monsterinsights_skip_tracking":false,"_monsterinsights_sitenote_active":false,"_monsterinsights_sitenote_note":"","_monsterinsights_sitenote_category":0,"footnotes":""},"categories":[62],"tags":[],"class_list":["post-1784218","post","type-post","status-publish","format-standard","has-post-thumbnail","hentry","category-citta-metropolitana-torino"],"aioseo_notices":[],"_links":{"self":[{"href":"https:\/\/ticronometro.com\/wp\/wp-json\/wp\/v2\/posts\/1784218","targetHints":{"allow":["GET"]}}],"collection":[{"href":"https:\/\/ticronometro.com\/wp\/wp-json\/wp\/v2\/posts"}],"about":[{"href":"https:\/\/ticronometro.com\/wp\/wp-json\/wp\/v2\/types\/post"}],"author":[{"embeddable":true,"href":"https:\/\/ticronometro.com\/wp\/wp-json\/wp\/v2\/users\/1"}],"replies":[{"embeddable":true,"href":"https:\/\/ticronometro.com\/wp\/wp-json\/wp\/v2\/comments?post=1784218"}],"version-history":[{"count":321,"href":"https:\/\/ticronometro.com\/wp\/wp-json\/wp\/v2\/posts\/1784218\/revisions"}],"predecessor-version":[{"id":1790326,"href":"https:\/\/ticronometro.com\/wp\/wp-json\/wp\/v2\/posts\/1784218\/revisions\/1790326"}],"wp:featuredmedia":[{"embeddable":true,"href":"https:\/\/ticronometro.com\/wp\/wp-json\/wp\/v2\/media\/1790325"}],"wp:attachment":[{"href":"https:\/\/ticronometro.com\/wp\/wp-json\/wp\/v2\/media?parent=1784218"}],"wp:term":[{"taxonomy":"category","embeddable":true,"href":"https:\/\/ticronometro.com\/wp\/wp-json\/wp\/v2\/categories?post=1784218"},{"taxonomy":"post_tag","embeddable":true,"href":"https:\/\/ticronometro.com\/wp\/wp-json\/wp\/v2\/tags?post=1784218"}],"curies":[{"name":"wp","href":"https:\/\/api.w.org\/{rel}","templated":true}]}}