{"id":1719910,"date":"2025-07-10T15:39:01","date_gmt":"2025-07-10T13:39:01","guid":{"rendered":"https:\/\/ticronometro.com\/wp\/2025\/07\/notizie-rss\/da-torino\/ferrero-re-della-colazione-anche-negli-usa-acquisito-il-celebre-brand-wk-kellogg-per-31-miliardi-di-euro\/"},"modified":"2025-07-10T16:39:22","modified_gmt":"2025-07-10T14:39:22","slug":"ferrero-re-della-colazione-anche-negli-usa-acquisito-il-celebre-brand-wk-kellogg-per-31-miliardi-di-euro","status":"publish","type":"post","link":"https:\/\/ticronometro.com\/wp\/2025\/07\/notizie-rss\/da-torino\/ferrero-re-della-colazione-anche-negli-usa-acquisito-il-celebre-brand-wk-kellogg-per-31-miliardi-di-euro\/","title":{"rendered":"Ferrero &#8220;re della colazione&#8221; anche negli USA: acquisito il celebre brand WK Kellogg per 3,1 miliardi di euro"},"content":{"rendered":"<p><img decoding=\"async\" src=\"https:\/\/citynews-torinotoday.stgy.ovh\/~media\/original-hi\/34232490466173\/ferrero-kellogg.jpg\" alt=\"Ferrero &quot;re della colazione&quot; anche negli USA: acquisito il celebre brand WK Kellogg per 3,1 miliardi di euro\"\/> Pane e Nutella o una tazza di latte e cereali? A esclusione del bicchiere di latte, quasi l&#8217;intera colazione \u00e8 offerta da Ferrero. \u00c8 notizia del 10 luglio infatti quella che riguarda una vera e propria scalata verso l&#8217;alto della gi\u00e0 celebre azienda di Alba: con un accordo da 3,1 miliardi di euro&#8230;<a href=https:\/\/www.torinotoday.it\/attualita\/ferrero-acquisisce-kellogg-cereali-colazione-accordo-miliardi-euro.html>Continua la Lettura<\/a><\/p>\n","protected":false},"excerpt":{"rendered":"<p>Pane e Nutella o una tazza di latte e cereali? A esclusione del bicchiere di latte, quasi l&#8217;intera colazione \u00e8 offerta da Ferrero. \u00c8 notizia del 10 luglio infatti quella che riguarda una vera e propria scalata verso l&#8217;alto della gi\u00e0 celebre azienda di Alba: con un accordo da 3,1 miliardi di euro&#8230;<\/p>\n","protected":false},"author":1,"featured_media":162279,"comment_status":"closed","ping_status":"open","sticky":false,"template":"","format":"standard","meta":{"om_disable_all_campaigns":false,"_sitemap_exclude":false,"_sitemap_priority":"","_sitemap_frequency":"","_monsterinsights_skip_tracking":false,"_monsterinsights_sitenote_active":false,"_monsterinsights_sitenote_note":"","_monsterinsights_sitenote_category":0,"footnotes":""},"categories":[72],"tags":[],"class_list":["post-1719910","post","type-post","status-publish","format-standard","has-post-thumbnail","hentry","category-da-torino"],"aioseo_notices":[],"_links":{"self":[{"href":"https:\/\/ticronometro.com\/wp\/wp-json\/wp\/v2\/posts\/1719910","targetHints":{"allow":["GET"]}}],"collection":[{"href":"https:\/\/ticronometro.com\/wp\/wp-json\/wp\/v2\/posts"}],"about":[{"href":"https:\/\/ticronometro.com\/wp\/wp-json\/wp\/v2\/types\/post"}],"author":[{"embeddable":true,"href":"https:\/\/ticronometro.com\/wp\/wp-json\/wp\/v2\/users\/1"}],"replies":[{"embeddable":true,"href":"https:\/\/ticronometro.com\/wp\/wp-json\/wp\/v2\/comments?post=1719910"}],"version-history":[{"count":3,"href":"https:\/\/ticronometro.com\/wp\/wp-json\/wp\/v2\/posts\/1719910\/revisions"}],"predecessor-version":[{"id":1719937,"href":"https:\/\/ticronometro.com\/wp\/wp-json\/wp\/v2\/posts\/1719910\/revisions\/1719937"}],"wp:featuredmedia":[{"embeddable":true,"href":"https:\/\/ticronometro.com\/wp\/wp-json\/wp\/v2\/media\/162279"}],"wp:attachment":[{"href":"https:\/\/ticronometro.com\/wp\/wp-json\/wp\/v2\/media?parent=1719910"}],"wp:term":[{"taxonomy":"category","embeddable":true,"href":"https:\/\/ticronometro.com\/wp\/wp-json\/wp\/v2\/categories?post=1719910"},{"taxonomy":"post_tag","embeddable":true,"href":"https:\/\/ticronometro.com\/wp\/wp-json\/wp\/v2\/tags?post=1719910"}],"curies":[{"name":"wp","href":"https:\/\/api.w.org\/{rel}","templated":true}]}}