{"id":1715501,"date":"2025-07-07T05:16:00","date_gmt":"2025-07-07T03:16:00","guid":{"rendered":"https:\/\/ticronometro.com\/wp\/2025\/07\/notizie-rss\/da-torino\/torino-sotto-i-portici-di-piazza-san-carlo-ora-spunta-anche-una-tenda\/"},"modified":"2025-07-07T08:29:02","modified_gmt":"2025-07-07T06:29:02","slug":"torino-sotto-i-portici-di-piazza-san-carlo-ora-spunta-anche-una-tenda","status":"publish","type":"post","link":"https:\/\/ticronometro.com\/wp\/2025\/07\/notizie-rss\/da-torino\/torino-sotto-i-portici-di-piazza-san-carlo-ora-spunta-anche-una-tenda\/","title":{"rendered":"Torino, sotto i portici di piazza San Carlo ora spunta anche una tenda"},"content":{"rendered":"<table>\n<tr>\n<td><img decoding=\"async\" src=\"https:\/\/torinocronaca.it\/resizer\/300\/200\/true\/2025_07_06\/tenda_via_roma-1751822078286.png--torino__sotto_i_portici_di_piazza_san_carlo_ora_spunta_anche_una_tenda.png?1751822078407\"\/>Il centro di Torino da tempo \u00e8 alle prese con il problema dei senzatetto: adesso c&#8217;\u00e8 anche chi si \u00e8 organizzato per dormire in tenda <br \/>A giacigli di fortuna, materassi, coperte, scatoloni eravamo ormai abituati. Ora per\u00f2 in piazza San Carlo, sotto i portici a pochi passi da via Roma, \u00e8 spuntata<\/td>\n<\/tr>\n<\/table>\n","protected":false},"excerpt":{"rendered":"<p>Il centro di Torino da tempo \u00e8 alle prese con il problema dei senzatetto: adesso c&#8217;\u00e8 anche chi si \u00e8 organizzato per dormire in tenda<br \/>\nA giacigli di fortuna, materassi, coperte, scatoloni eravamo ormai abituati. Ora per\u00f2 in piazza San Carlo, sotto i portici a pochi passi da via Roma, \u00e8 spuntata<\/p>\n","protected":false},"author":1,"featured_media":165999,"comment_status":"closed","ping_status":"open","sticky":false,"template":"","format":"standard","meta":{"om_disable_all_campaigns":false,"_sitemap_exclude":false,"_sitemap_priority":"","_sitemap_frequency":"","_monsterinsights_skip_tracking":false,"_monsterinsights_sitenote_active":false,"_monsterinsights_sitenote_note":"","_monsterinsights_sitenote_category":0,"footnotes":""},"categories":[72],"tags":[],"class_list":["post-1715501","post","type-post","status-publish","format-standard","has-post-thumbnail","hentry","category-da-torino"],"aioseo_notices":[],"_links":{"self":[{"href":"https:\/\/ticronometro.com\/wp\/wp-json\/wp\/v2\/posts\/1715501","targetHints":{"allow":["GET"]}}],"collection":[{"href":"https:\/\/ticronometro.com\/wp\/wp-json\/wp\/v2\/posts"}],"about":[{"href":"https:\/\/ticronometro.com\/wp\/wp-json\/wp\/v2\/types\/post"}],"author":[{"embeddable":true,"href":"https:\/\/ticronometro.com\/wp\/wp-json\/wp\/v2\/users\/1"}],"replies":[{"embeddable":true,"href":"https:\/\/ticronometro.com\/wp\/wp-json\/wp\/v2\/comments?post=1715501"}],"version-history":[{"count":1,"href":"https:\/\/ticronometro.com\/wp\/wp-json\/wp\/v2\/posts\/1715501\/revisions"}],"predecessor-version":[{"id":1715502,"href":"https:\/\/ticronometro.com\/wp\/wp-json\/wp\/v2\/posts\/1715501\/revisions\/1715502"}],"wp:featuredmedia":[{"embeddable":true,"href":"https:\/\/ticronometro.com\/wp\/wp-json\/wp\/v2\/media\/165999"}],"wp:attachment":[{"href":"https:\/\/ticronometro.com\/wp\/wp-json\/wp\/v2\/media?parent=1715501"}],"wp:term":[{"taxonomy":"category","embeddable":true,"href":"https:\/\/ticronometro.com\/wp\/wp-json\/wp\/v2\/categories?post=1715501"},{"taxonomy":"post_tag","embeddable":true,"href":"https:\/\/ticronometro.com\/wp\/wp-json\/wp\/v2\/tags?post=1715501"}],"curies":[{"name":"wp","href":"https:\/\/api.w.org\/{rel}","templated":true}]}}