{"id":1685776,"date":"2025-06-12T18:02:53","date_gmt":"2025-06-12T16:02:53","guid":{"rendered":"https:\/\/ticronometro.com\/wp\/2025\/06\/notizie-rss\/da-torino\/la-nuova-juve-di-comolli-un-rinnovo-e-ufficiale-laltro-quasi-novita-sul-futuro-di-vlahovic\/"},"modified":"2025-06-13T06:56:42","modified_gmt":"2025-06-13T04:56:42","slug":"la-nuova-juve-di-comolli-un-rinnovo-e-ufficiale-laltro-quasi-novita-sul-futuro-di-vlahovic","status":"publish","type":"post","link":"https:\/\/ticronometro.com\/wp\/2025\/06\/notizie-rss\/da-torino\/la-nuova-juve-di-comolli-un-rinnovo-e-ufficiale-laltro-quasi-novita-sul-futuro-di-vlahovic\/","title":{"rendered":"La nuova Juve di Comolli: un rinnovo \u00e8 ufficiale, l&#8217;altro quasi. Novit\u00e0 sul futuro di Vlahovic"},"content":{"rendered":"<table>\n<tr>\n<td><img decoding=\"async\" src=\"https:\/\/torinocronaca.it\/resizer\/300\/200\/true\/2025_06_03\/2c3a0223-1-1920x-q80-1748981615509.jpg--il_nuovo_dg_della_juventus__damien_comolli.jpg?1748981615685\"\/>Il nuovo direttore generale \u00e8 partito con la campagna dei prolungamenti: ecco chi pu\u00f2 diventare una bandiera del club <br \/>Il nuovo direttore generale Damien Comolli ha cominciato la sua prima missione alla Juventus. La priorit\u00e0 \u00e8 rappresentata dai rinnovi di contratto, il primo \u00e8 gi\u00e0 arrivato ed <\/td>\n<\/tr>\n<\/table>\n","protected":false},"excerpt":{"rendered":"<p>Il nuovo direttore generale \u00e8 partito con la campagna dei prolungamenti: ecco chi pu\u00f2 diventare una bandiera del club<br \/>\nIl nuovo direttore generale Damien Comolli ha cominciato la sua prima missione alla Juventus. La priorit\u00e0 \u00e8 rappresentata dai rinnovi di contratto, il primo \u00e8 gi\u00e0 arrivato ed<\/p>\n","protected":false},"author":1,"featured_media":165999,"comment_status":"closed","ping_status":"open","sticky":false,"template":"","format":"standard","meta":{"om_disable_all_campaigns":false,"_sitemap_exclude":false,"_sitemap_priority":"","_sitemap_frequency":"","_monsterinsights_skip_tracking":false,"_monsterinsights_sitenote_active":false,"_monsterinsights_sitenote_note":"","_monsterinsights_sitenote_category":0,"footnotes":""},"categories":[72],"tags":[],"class_list":["post-1685776","post","type-post","status-publish","format-standard","has-post-thumbnail","hentry","category-da-torino"],"aioseo_notices":[],"_links":{"self":[{"href":"https:\/\/ticronometro.com\/wp\/wp-json\/wp\/v2\/posts\/1685776","targetHints":{"allow":["GET"]}}],"collection":[{"href":"https:\/\/ticronometro.com\/wp\/wp-json\/wp\/v2\/posts"}],"about":[{"href":"https:\/\/ticronometro.com\/wp\/wp-json\/wp\/v2\/types\/post"}],"author":[{"embeddable":true,"href":"https:\/\/ticronometro.com\/wp\/wp-json\/wp\/v2\/users\/1"}],"replies":[{"embeddable":true,"href":"https:\/\/ticronometro.com\/wp\/wp-json\/wp\/v2\/comments?post=1685776"}],"version-history":[{"count":11,"href":"https:\/\/ticronometro.com\/wp\/wp-json\/wp\/v2\/posts\/1685776\/revisions"}],"predecessor-version":[{"id":1686361,"href":"https:\/\/ticronometro.com\/wp\/wp-json\/wp\/v2\/posts\/1685776\/revisions\/1686361"}],"wp:featuredmedia":[{"embeddable":true,"href":"https:\/\/ticronometro.com\/wp\/wp-json\/wp\/v2\/media\/165999"}],"wp:attachment":[{"href":"https:\/\/ticronometro.com\/wp\/wp-json\/wp\/v2\/media?parent=1685776"}],"wp:term":[{"taxonomy":"category","embeddable":true,"href":"https:\/\/ticronometro.com\/wp\/wp-json\/wp\/v2\/categories?post=1685776"},{"taxonomy":"post_tag","embeddable":true,"href":"https:\/\/ticronometro.com\/wp\/wp-json\/wp\/v2\/tags?post=1685776"}],"curies":[{"name":"wp","href":"https:\/\/api.w.org\/{rel}","templated":true}]}}