{"id":1676657,"date":"2025-06-06T10:20:46","date_gmt":"2025-06-06T08:20:46","guid":{"rendered":"https:\/\/ticronometro.com\/wp\/2025\/06\/notizie-rss\/da-torino\/aggressione-in-strada-a-torino-falchera-ragazzo-ferito-con-una-coltellata\/"},"modified":"2025-06-06T14:06:56","modified_gmt":"2025-06-06T12:06:56","slug":"aggressione-in-strada-a-torino-falchera-ragazzo-ferito-con-una-coltellata","status":"publish","type":"post","link":"https:\/\/ticronometro.com\/wp\/2025\/06\/notizie-rss\/da-torino\/aggressione-in-strada-a-torino-falchera-ragazzo-ferito-con-una-coltellata\/","title":{"rendered":"Aggressione in strada a Torino Falchera: ragazzo ferito con una coltellata"},"content":{"rendered":"<p><img decoding=\"async\" src=\"https:\/\/citynews-torinotoday.stgy.ovh\/~media\/original-hi\/47795031788316\/coltello-6-2-4.jpg\" alt=\"Aggressione in strada a Torino Falchera: ragazzo ferito con una coltellata\"\/> Un ragazzo italiano di 17 anni \u00e8 stato accoltellato all&#8217;addome nella notte di mercoled\u00ec 4 giugno 2025 in strada vicinale di Abbadia di Stura a Torino. \u00c8 stato trasportato in ambulanza all&#8217;ospedale Giovanni Bosco dove \u00e8 stato medicato per la ferita, che ha provocato solo lesioni a tessuto&#8230;<a href=https:\/\/www.torinotoday.it\/cronaca\/accoltellato-vicinale-abbadia-stura-4-giugno-2025.html>Continua la Lettura<\/a><\/p>\n","protected":false},"excerpt":{"rendered":"<p>Un ragazzo italiano di 17 anni \u00e8 stato accoltellato all&#8217;addome nella notte di mercoled\u00ec 4 giugno 2025 in strada vicinale di Abbadia di Stura a Torino. \u00c8 stato trasportato in ambulanza all&#8217;ospedale Giovanni Bosco dove \u00e8 stato medicato per la ferita, che ha provocato solo lesioni a tessuto&#8230;<\/p>\n","protected":false},"author":1,"featured_media":162279,"comment_status":"closed","ping_status":"open","sticky":false,"template":"","format":"standard","meta":{"om_disable_all_campaigns":false,"_sitemap_exclude":false,"_sitemap_priority":"","_sitemap_frequency":"","_monsterinsights_skip_tracking":false,"_monsterinsights_sitenote_active":false,"_monsterinsights_sitenote_note":"","_monsterinsights_sitenote_category":0,"footnotes":""},"categories":[72],"tags":[],"class_list":["post-1676657","post","type-post","status-publish","format-standard","has-post-thumbnail","hentry","category-da-torino"],"aioseo_notices":[],"_links":{"self":[{"href":"https:\/\/ticronometro.com\/wp\/wp-json\/wp\/v2\/posts\/1676657","targetHints":{"allow":["GET"]}}],"collection":[{"href":"https:\/\/ticronometro.com\/wp\/wp-json\/wp\/v2\/posts"}],"about":[{"href":"https:\/\/ticronometro.com\/wp\/wp-json\/wp\/v2\/types\/post"}],"author":[{"embeddable":true,"href":"https:\/\/ticronometro.com\/wp\/wp-json\/wp\/v2\/users\/1"}],"replies":[{"embeddable":true,"href":"https:\/\/ticronometro.com\/wp\/wp-json\/wp\/v2\/comments?post=1676657"}],"version-history":[{"count":27,"href":"https:\/\/ticronometro.com\/wp\/wp-json\/wp\/v2\/posts\/1676657\/revisions"}],"predecessor-version":[{"id":1676888,"href":"https:\/\/ticronometro.com\/wp\/wp-json\/wp\/v2\/posts\/1676657\/revisions\/1676888"}],"wp:featuredmedia":[{"embeddable":true,"href":"https:\/\/ticronometro.com\/wp\/wp-json\/wp\/v2\/media\/162279"}],"wp:attachment":[{"href":"https:\/\/ticronometro.com\/wp\/wp-json\/wp\/v2\/media?parent=1676657"}],"wp:term":[{"taxonomy":"category","embeddable":true,"href":"https:\/\/ticronometro.com\/wp\/wp-json\/wp\/v2\/categories?post=1676657"},{"taxonomy":"post_tag","embeddable":true,"href":"https:\/\/ticronometro.com\/wp\/wp-json\/wp\/v2\/tags?post=1676657"}],"curies":[{"name":"wp","href":"https:\/\/api.w.org\/{rel}","templated":true}]}}