{"id":1581074,"date":"2025-05-08T19:11:43","date_gmt":"2025-05-08T17:11:43","guid":{"rendered":"https:\/\/ticronometro.com\/wp\/?p=1581074"},"modified":"2025-05-08T19:41:57","modified_gmt":"2025-05-08T17:41:57","slug":"settimana-18-2025-caselle-torinese-tra-riscossioni-strategie-commerciali-e-gestione-dei-servizi-essenziali","status":"publish","type":"post","link":"https:\/\/ticronometro.com\/wp\/2025\/05\/ticpunto\/settimana-18-2025-caselle-torinese-tra-riscossioni-strategie-commerciali-e-gestione-dei-servizi-essenziali\/","title":{"rendered":"Settimana 18 \u2013 2025: Caselle Torinese tra riscossioni, strategie commerciali e gestione dei servizi essenziali"},"content":{"rendered":"<div class=\"penci-texttospeech-wrapper customizer pc-ttp-s-style-6 pc-ttp-shortcode\"><div class=\"penci-texttospeech-box shortcode  style-6 custombg\"><div data-download=\"1\" ><audio class=\"wp-audio-shortcode\" id=\"audio-1581074-1\" style=\"width: 100%;\" controls=\"controls\"><source type=\"audio\/mpeg\" src=\"https:\/\/ticronometro.com\/wp\/wp-content\/uploads\/penci-text-to-speech\/post-1581074.mp3?cb=1746724335.mp3&#038;_=1\" \/><\/audio><\/div><\/div><\/div>\n\n\n<p class=\"\" data-start=\"370\" data-end=\"828\">Ogni settimana, dietro le quinte dell\u2019attivit\u00e0 amministrativa del Comune di Caselle Torinese, vengono prese decisioni fondamentali che, pur lontane dai riflettori, incidono sulla vita concreta dei cittadini. Questa settimana, il focus \u00e8 stato su gestione finanziaria, servizi cimiteriali, politiche per il commercio e dinamiche del personale. Vediamo, con linguaggio semplice e discorsivo, cosa \u00e8 successo davvero e cosa potrebbe significare per i casellesi.<\/p>\n<h3 class=\"\" data-start=\"830\" data-end=\"882\">Finanze pubbliche e riscossioni: si cambia passo<\/h3>\n<p class=\"\" data-start=\"883\" data-end=\"1600\">Due delle determine pi\u00f9 corpose e tecniche riguardano la gestione delle entrate comunali. La <strong data-start=\"976\" data-end=\"996\">determina n. 264<\/strong> approva gli atti per un nuovo bando di gara per l\u2019affidamento in concessione del servizio di riscossione coattiva di tributi ed entrate extra-tributarie per i prossimi 5 anni. Un incarico da oltre 1,3 milioni di euro che rappresenta un tassello essenziale per il bilancio comunale. L\u2019obiettivo \u00e8 chiaro: rendere pi\u00f9 efficiente e trasparente la riscossione, mantenendo per\u00f2 un occhio attento all\u2019equilibrio tra rigore e sostegno al contribuente. La gara sar\u00e0 gestita in collaborazione con l\u2019Unione NET, una mossa che favorisce trasparenza e competenza ma che potrebbe anche allungare i tempi burocratici.<\/p>\n<p class=\"\" data-start=\"1602\" data-end=\"2060\">La <strong data-start=\"1605\" data-end=\"1625\">determina n. 265<\/strong> riguarda invece il trasferimento del TEFA (tributo provinciale ambientale), una quota percentuale della TARI che i Comuni devono riversare alla Citt\u00e0 Metropolitana. In questo caso si tratta degli incassi del primo trimestre 2025 per posizioni precedenti al 2020. Il totale \u00e8 di oltre 8.300 euro. Un atto apparentemente tecnico, ma che dimostra come anche piccoli flussi contribuiscano all\u2019equilibrio tra enti e alla tutela ambientale.<\/p>\n<p class=\"\" data-start=\"2062\" data-end=\"2283\">\ud83d\udcca <strong data-start=\"2065\" data-end=\"2081\">Pro e contro<\/strong><br \/>\u2714\ufe0f Pro: Miglioramento dell\u2019efficienza nella gestione delle entrate, rispetto degli obblighi ambientali.<br data-start=\"2185\" data-end=\"2188\" \/>\u274c Contro: Rischio di appesantire i cittadini e le imprese in un momento economicamente incerto.<\/p>\n<h3 class=\"\" data-start=\"2285\" data-end=\"2358\">Commercio urbano: si costruisce il futuro con un programma strategico<\/h3>\n<p class=\"\" data-start=\"2359\" data-end=\"2792\">Il Comune ha deciso di investire sul <strong data-start=\"2396\" data-end=\"2423\">Distretto del Commercio<\/strong> con la <strong data-start=\"2431\" data-end=\"2451\">determina n. 263<\/strong>, affidando a un professionista esterno la redazione del programma strategico. L\u2019obiettivo? Definire azioni concrete per rilanciare il commercio locale, creare sinergie tra negozianti e attrarre nuovi flussi di consumatori. Il tutto per un costo contenuto (6.344 euro) ma con un valore potenzialmente enorme in termini di ricaduta economica.<\/p>\n<p class=\"\" data-start=\"2794\" data-end=\"3014\">\ud83d\udcca <strong data-start=\"2797\" data-end=\"2813\">Pro e contro<\/strong><br \/>\u2714\ufe0f Pro: Un\u2019opportunit\u00e0 concreta di rigenerazione urbana e rilancio delle attivit\u00e0 commerciali.<br data-start=\"2908\" data-end=\"2911\" \/>\u274c Contro: L\u2019efficacia del programma dipender\u00e0 dalla sua reale attuazione, non solo dalla sua redazione.<\/p>\n<h3 class=\"\" data-start=\"3016\" data-end=\"3069\">Cimitero comunale: si proroga in attesa di novit\u00e0<\/h3>\n<p class=\"\" data-start=\"3070\" data-end=\"3568\">La <strong data-start=\"3073\" data-end=\"3093\">determina n. 262<\/strong> proroga per sei mesi il servizio di gestione, custodia e manutenzione del cimitero di Caselle Torinese. In attesa di valutare un progetto di partenariato pubblico-privato, l\u2019amministrazione ha preferito garantire continuit\u00e0, affidandosi alla ditta gi\u00e0 in carica. Una decisione pragmatica, necessaria per assicurare un servizio essenziale come quello cimiteriale, anche se la situazione in stand-by potrebbe richiedere maggiore trasparenza futura sul progetto in valutazione.<\/p>\n<p class=\"\" data-start=\"3570\" data-end=\"3752\">\ud83d\udcca <strong data-start=\"3573\" data-end=\"3589\">Pro e contro<\/strong><br \/>\u2714\ufe0f Pro: Continuit\u00e0 in un servizio delicato e necessario.<br data-start=\"3646\" data-end=\"3649\" \/>\u274c Contro: L\u2019assenza di un nuovo bando potrebbe ridurre la concorrenza e l\u2019efficienza nel lungo periodo.<\/p>\n<h3 class=\"\" data-start=\"3754\" data-end=\"3805\">Uffici comunali: addii e nuova riorganizzazione<\/h3>\n<p class=\"\" data-start=\"3806\" data-end=\"4230\">Infine, la <strong data-start=\"3817\" data-end=\"3837\">determina n. 261<\/strong> prende atto delle dimissioni di due dipendenti comunali, uno dei quali \u2013 un agente di Polizia Locale \u2013 aveva iniziato da meno di due anni. Questo evidenzia la difficolt\u00e0, anche per la pubblica amministrazione, di trattenere risorse umane qualificate, probabilmente attratte da contesti pi\u00f9 favorevoli. Il Comune dovr\u00e0 ora colmare queste lacune con nuove assunzioni o riorganizzazioni interne.<\/p>\n<p class=\"\" data-start=\"4232\" data-end=\"4402\">\ud83d\udcca <strong data-start=\"4235\" data-end=\"4251\">Pro e contro<\/strong><br \/>\u2714\ufe0f Pro: Trasparenza nel processo e rispetto delle norme contrattuali.<br data-start=\"4321\" data-end=\"4324\" \/>\u274c Contro: Turnover e instabilit\u00e0 interna che possono rallentare l\u2019operativit\u00e0.<\/p>\n<p data-start=\"4232\" data-end=\"4402\">\n\n\n<iframe src=\"https:\/\/ticronometro.com\/trasparenza_3\/atti\/atti_periodo_sett_det.php?date=2025-05-01&#038;embed=1\" width=\"100%\" height=\"600\" frameborder=\"0\" style=\"border: 1px solid #ddd; border-radius: 4px;\"><\/iframe>\n\n\n<h3 class=\"\" data-start=\"110\" data-end=\"185\">1. Determinazione 265 \u2013 Quando anche la burocrazia paga\u2026 alla Provincia<\/h3>\n<p class=\"\" data-start=\"186\" data-end=\"426\">\ud83d\udccb <strong data-start=\"189\" data-end=\"221\">Oggetto originale dell\u2019atto:<\/strong><br data-start=\"221\" data-end=\"224\" \/><strong data-start=\"224\" data-end=\"426\">SETTORE FINANZE &#8211; TRASFERIMENTO DEL TRIBUTO PROVINCIALE TEFA (ART.14 C.28 D.L. 201\/2011) &#8211; INCASSI 1\u00b0 TRIMESTRE 2025 DA F24 ANNI PRECEDENTI IL 2020 &#8211; LIQUIDAZIONE ALLA CITTA&#8217; METROPOLITANA DI TORINO<\/strong><\/p>\n<p class=\"\" data-start=\"428\" data-end=\"931\">\ud83c\udfdb <strong data-start=\"431\" data-end=\"448\">Introduzione:<\/strong><br data-start=\"448\" data-end=\"451\" \/>Tra le pieghe della contabilit\u00e0 pubblica si nasconde un tributo che pochi conoscono: il TEFA, ossia il contributo ambientale che i Comuni devono riversare alle Province (ora Citt\u00e0 Metropolitane). In questo caso, il Comune di Caselle ha effettuato la liquidazione delle somme incassate nel primo trimestre del 2025 per la TARI degli anni precedenti al 2020. Un\u2019operazione apparentemente tecnica, ma che racconta tanto sul funzionamento dell\u2019ingranaggio finanziario tra enti locali.<\/p>\n<p class=\"\" data-start=\"933\" data-end=\"1281\">\ud83d\udcac <strong data-start=\"936\" data-end=\"955\">Cos\u2019\u00e8 successo?<\/strong><br data-start=\"955\" data-end=\"958\" \/>Il Comune ha verificato gli incassi derivanti da vecchi versamenti TARI (prima del 2020), calcolato la quota spettante alla Citt\u00e0 Metropolitana di Torino (pari al 5%) e provveduto alla relativa liquidazione. Il tutto viene rendicontato attraverso la piattaforma &#8220;Sistema Piemonte&#8221;, seguendo le procedure aggiornate al 2024.<\/p>\n<p class=\"\" data-start=\"1283\" data-end=\"1308\">\ud83d\udcca <strong data-start=\"1286\" data-end=\"1306\">Cifre coinvolte?<\/strong><\/p>\n<ul data-start=\"1309\" data-end=\"1493\">\n<li class=\"\" data-start=\"1309\" data-end=\"1370\">\n<p class=\"\" data-start=\"1311\" data-end=\"1370\">Totale TEFA incassato (vecchie annualit\u00e0): <strong data-start=\"1354\" data-end=\"1368\">\u20ac 8.395,05<\/strong><\/p>\n<\/li>\n<li class=\"\" data-start=\"1371\" data-end=\"1433\">\n<p class=\"\" data-start=\"1373\" data-end=\"1433\">Di cui da versare alla Citt\u00e0 Metropolitana: <strong data-start=\"1417\" data-end=\"1431\">\u20ac 8.369,86<\/strong><\/p>\n<\/li>\n<li class=\"\" data-start=\"1434\" data-end=\"1493\">\n<p class=\"\" data-start=\"1436\" data-end=\"1493\">Trattenuta per il Comune (commissione 0,30%): <strong data-start=\"1482\" data-end=\"1493\">\u20ac 25,19<\/strong><\/p>\n<\/li>\n<\/ul>\n<p class=\"\" data-start=\"1495\" data-end=\"1651\">\ud83c\udfe2 <strong data-start=\"1498\" data-end=\"1520\">Aziende coinvolte:<\/strong><br data-start=\"1520\" data-end=\"1523\" \/>Nessuna azienda privata. Il flusso di pagamento avviene tramite l\u2019Agenzia delle Entrate e rendicontato su portale istituzionale.<\/p>\n<p class=\"\" data-start=\"1653\" data-end=\"1689\">\ud83d\udccc <strong data-start=\"1656\" data-end=\"1673\">Pro e contro:<\/strong><br data-start=\"1673\" data-end=\"1676\" \/>\u2714\ufe0f <strong data-start=\"1679\" data-end=\"1687\">Pro:<\/strong><\/p>\n<ul data-start=\"1690\" data-end=\"1796\">\n<li class=\"\" data-start=\"1690\" data-end=\"1744\">\n<p class=\"\" data-start=\"1692\" data-end=\"1744\">Corretta applicazione delle normative finanziarie.<\/p>\n<\/li>\n<li class=\"\" data-start=\"1745\" data-end=\"1796\">\n<p class=\"\" data-start=\"1747\" data-end=\"1796\">Contributo a funzioni ambientali sovracomunali.<\/p>\n<\/li>\n<\/ul>\n<p class=\"\" data-start=\"1798\" data-end=\"1813\">\u274c <strong data-start=\"1800\" data-end=\"1811\">Contro:<\/strong><\/p>\n<ul data-start=\"1814\" data-end=\"1959\">\n<li class=\"\" data-start=\"1814\" data-end=\"1898\">\n<p class=\"\" data-start=\"1816\" data-end=\"1898\">Il Comune agisce da &#8220;esattore&#8221; per conto altrui, senza grande ritorno economico.<\/p>\n<\/li>\n<li class=\"\" data-start=\"1899\" data-end=\"1959\">\n<p class=\"\" data-start=\"1901\" data-end=\"1959\">Risorse potenzialmente distratte da altri progetti locali.<\/p>\n<\/li>\n<\/ul>\n<p class=\"\" data-start=\"1961\" data-end=\"2179\">\ud83d\udd0d <strong data-start=\"1964\" data-end=\"1978\">Curiosit\u00e0:<\/strong><br data-start=\"1978\" data-end=\"1981\" \/>Il TEFA esiste dal 1993, ma da quando \u00e8 diventato digitale nel 2020, ogni euro raccolto passa per le mani (e i software) dell\u2019Agenzia delle Entrate. Una fiscalit\u00e0 ambientale&#8230; a rate e retroattiva!<\/p>\n<hr \/>\n<h3 class=\"\" data-start=\"85\" data-end=\"172\">2. Determinazione 264 \u2013 Riscossione coattiva: Caselle chiama, Unione NET risponde<\/h3>\n<p class=\"\" data-start=\"173\" data-end=\"634\">\ud83d\udccb <strong data-start=\"176\" data-end=\"208\">Oggetto originale dell\u2019atto:<\/strong><br data-start=\"208\" data-end=\"211\" \/><strong data-start=\"211\" data-end=\"634\">SETTORE FINANZE \u2013 PROCEDURA APERTA AI SENSI DELL\u2019ART. 71 DEL D.LGS. 36\/2023 PER L\u2019AFFIDAMENTO IN CONCESSIONE DEL SERVIZIO DI RISCOSSIONE COATTIVA DELLE ENTRATE TRIBUTARIE ED EXTRA-TRIBUTARIE COMUNALI PERIODO 2025\/2030. APPROVAZIONE ATTI DI GARA E DELEGA ALLA STAZIONE UNICA APPALTANTE UNIONE NORD EST TORINO DELLA RESPONSABILITA\u2019 DELLA FASE DI AFFIDAMENTO E IMPEGNO SPESA RIMBORSO CONTRIBUTO ANAC &#8211; CUP G89I25000170004.<\/strong><\/p>\n<p class=\"\" data-start=\"636\" data-end=\"1134\">\ud83c\udfdb <strong data-start=\"639\" data-end=\"656\">Introduzione:<\/strong><br data-start=\"656\" data-end=\"659\" \/>Ogni Comune ha bisogno di certezze, soprattutto quando si tratta di incassare quanto dovuto. La riscossione coattiva \u2013 ovvero il recupero forzato di tasse e imposte non pagate \u2013 \u00e8 un nodo strategico per la stabilit\u00e0 finanziaria. A Caselle Torinese si cambia marcia: con questa determina, parte ufficialmente la gara per affidare il servizio dal 2025 al 2030. E per garantire trasparenza, l\u2019intera procedura \u00e8 affidata all\u2019Unione NET, che funger\u00e0 da stazione unica appaltante.<\/p>\n<p class=\"\" data-start=\"1136\" data-end=\"1560\">\ud83d\udcac <strong data-start=\"1139\" data-end=\"1158\">Cos\u2019\u00e8 successo?<\/strong><br data-start=\"1158\" data-end=\"1161\" \/>Scaduto il contratto con la SO.G.E.T. Spa (in proroga solo per le pratiche in corso fino al 2027), il Comune ha deciso di lanciare una nuova gara aperta per individuare un nuovo concessionario che si occupi della riscossione coattiva. La gara sar\u00e0 sovracomunale e il criterio di aggiudicazione sar\u00e0 il miglior rapporto qualit\u00e0-prezzo. L\u2019atto prevede anche la copertura dei costi del contributo ANAC.<\/p>\n<p class=\"\" data-start=\"1562\" data-end=\"1587\">\ud83d\udcca <strong data-start=\"1565\" data-end=\"1585\">Cifre coinvolte?<\/strong><\/p>\n<ul data-start=\"1588\" data-end=\"1813\">\n<li class=\"\" data-start=\"1588\" data-end=\"1687\">\n<p class=\"\" data-start=\"1590\" data-end=\"1687\">Valore stimato della concessione per 5 anni + proroga tecnica: <strong data-start=\"1653\" data-end=\"1671\">\u20ac 1.341.045,88<\/strong> (IVA esclusa)<\/p>\n<\/li>\n<li class=\"\" data-start=\"1688\" data-end=\"1752\">\n<p class=\"\" data-start=\"1690\" data-end=\"1752\">Contributo ANAC da rimborsare: incluso nell\u2019impegno di spesa<\/p>\n<\/li>\n<li class=\"\" data-start=\"1753\" data-end=\"1813\">\n<p class=\"\" data-start=\"1755\" data-end=\"1813\">Valore economico calcolato sul potenziale recupero crediti<\/p>\n<\/li>\n<\/ul>\n<p class=\"\" data-start=\"1815\" data-end=\"1970\">\ud83c\udfe2 <strong data-start=\"1818\" data-end=\"1853\">Aziende coinvolte (potenziali):<\/strong><br data-start=\"1853\" data-end=\"1856\" \/>Non ancora definite: saranno selezionate tramite gara pubblica. La precedente concessionaria era la SO.G.E.T. Spa.<\/p>\n<p class=\"\" data-start=\"1972\" data-end=\"2008\">\ud83d\udccc <strong data-start=\"1975\" data-end=\"1992\">Pro e contro:<\/strong><br data-start=\"1992\" data-end=\"1995\" \/>\u2714\ufe0f <strong data-start=\"1998\" data-end=\"2006\">Pro:<\/strong><\/p>\n<ul data-start=\"2009\" data-end=\"2136\">\n<li class=\"\" data-start=\"2009\" data-end=\"2064\">\n<p class=\"\" data-start=\"2011\" data-end=\"2064\">Rafforzamento dell\u2019autonomia finanziaria dell\u2019Ente.<\/p>\n<\/li>\n<li class=\"\" data-start=\"2065\" data-end=\"2136\">\n<p class=\"\" data-start=\"2067\" data-end=\"2136\">Procedura trasparente con gara aperta gestita da un soggetto terzo.<\/p>\n<\/li>\n<\/ul>\n<p class=\"\" data-start=\"2138\" data-end=\"2153\">\u274c <strong data-start=\"2140\" data-end=\"2151\">Contro:<\/strong><\/p>\n<ul data-start=\"2154\" data-end=\"2291\">\n<li class=\"\" data-start=\"2154\" data-end=\"2215\">\n<p class=\"\" data-start=\"2156\" data-end=\"2215\">Complessit\u00e0 della procedura e tempi lunghi di attuazione.<\/p>\n<\/li>\n<li class=\"\" data-start=\"2216\" data-end=\"2291\">\n<p class=\"\" data-start=\"2218\" data-end=\"2291\">Rischio di scarsa adesione se il bando non \u00e8 sufficientemente attrattivo.<\/p>\n<\/li>\n<\/ul>\n<p class=\"\" data-start=\"2293\" data-end=\"2492\">\ud83d\udd0d <strong data-start=\"2296\" data-end=\"2310\">Curiosit\u00e0:<\/strong><br data-start=\"2310\" data-end=\"2313\" \/>La determina \u00e8 frutto anche di una collaborazione con altri Comuni (Borgaro, Brandizzo, Volpiano): segno che quando si parla di far quadrare i conti, l\u2019unione fa davvero la forza.<\/p>\n<hr \/>\n<h3 class=\"\" data-start=\"135\" data-end=\"202\">3. Determinazione 263 \u2013 Un Distretto del Commercio\u2026 su misura<\/h3>\n<p class=\"\" data-start=\"203\" data-end=\"448\">\ud83d\udccb <strong data-start=\"206\" data-end=\"238\">Oggetto originale dell\u2019atto:<\/strong><br data-start=\"238\" data-end=\"241\" \/><strong data-start=\"241\" data-end=\"448\">SETTORE EDILIZIA PRIVATA \u2013 SERVIZIO ATTIVITA\u2019 ECONOMICHE &#8211; AFFIDAMENTO INCARICO PROFESSIONALE RELATIVO ALLA REDAZIONE DEL PROGRAMMA STRATEGICO DEL DISTRETTO DEL COMMERCIO \u2013 CIG B627324BC6 &#8211; IMPEGNO SPESA<\/strong><\/p>\n<p class=\"\" data-start=\"450\" data-end=\"876\">\ud83c\udfdb <strong data-start=\"453\" data-end=\"470\">Introduzione:<\/strong><br data-start=\"470\" data-end=\"473\" \/>Caselle Torinese punta sul commercio urbano come volano di rilancio economico e rigenerazione del tessuto cittadino. Con questa determina, l\u2019amministrazione affida a uno studio professionale specializzato l\u2019elaborazione del Programma Strategico del nuovo Distretto del Commercio. Un passo obbligato per accedere a contributi regionali e mettere nero su bianco una visione d\u2019insieme sul commercio locale.<\/p>\n<p class=\"\" data-start=\"878\" data-end=\"1292\">\ud83d\udcac <strong data-start=\"881\" data-end=\"900\">Cos\u2019\u00e8 successo?<\/strong><br data-start=\"900\" data-end=\"903\" \/>Entro cinque mesi dall\u2019approvazione della candidatura da parte della Regione Piemonte, il Comune deve presentare un piano strategico dettagliato. Per farlo, ha affidato l\u2019incarico all\u2019architetto Corrado Rinaudo dello studio BALBI&amp;RINAUDO, gi\u00e0 autore della relazione preliminare alla candidatura. L&#8217;affidamento \u00e8 avvenuto tramite affidamento diretto, come previsto per importi sotto soglia.<\/p>\n<p class=\"\" data-start=\"1294\" data-end=\"1319\">\ud83d\udcca <strong data-start=\"1297\" data-end=\"1317\">Cifre coinvolte?<\/strong><\/p>\n<ul data-start=\"1320\" data-end=\"1394\">\n<li class=\"\" data-start=\"1320\" data-end=\"1394\">\n<p class=\"\" data-start=\"1322\" data-end=\"1394\">Importo complessivo dell\u2019incarico: <strong data-start=\"1357\" data-end=\"1371\">\u20ac 6.344,00<\/strong> (IVA e CNPAIA inclusi)<\/p>\n<\/li>\n<\/ul>\n<p class=\"\" data-start=\"1396\" data-end=\"1469\">\ud83c\udfe2 <strong data-start=\"1399\" data-end=\"1421\">Azienda coinvolta:<\/strong><br data-start=\"1421\" data-end=\"1424\" \/>Studio di Architettura BALBI&amp;RINAUDO \u2013 Torino<\/p>\n<p class=\"\" data-start=\"1471\" data-end=\"1507\">\ud83d\udccc <strong data-start=\"1474\" data-end=\"1491\">Pro e contro:<\/strong><br data-start=\"1491\" data-end=\"1494\" \/>\u2714\ufe0f <strong data-start=\"1497\" data-end=\"1505\">Pro:<\/strong><\/p>\n<ul data-start=\"1508\" data-end=\"1643\">\n<li class=\"\" data-start=\"1508\" data-end=\"1598\">\n<p class=\"\" data-start=\"1510\" data-end=\"1598\">Affidamento a uno studio gi\u00e0 coinvolto nella fase preliminare, garanzia di continuit\u00e0.<\/p>\n<\/li>\n<li class=\"\" data-start=\"1599\" data-end=\"1643\">\n<p class=\"\" data-start=\"1601\" data-end=\"1643\">Costo contenuto e alta specializzazione.<\/p>\n<\/li>\n<\/ul>\n<p class=\"\" data-start=\"1645\" data-end=\"1660\">\u274c <strong data-start=\"1647\" data-end=\"1658\">Contro:<\/strong><\/p>\n<ul data-start=\"1661\" data-end=\"1770\">\n<li class=\"\" data-start=\"1661\" data-end=\"1770\">\n<p class=\"\" data-start=\"1663\" data-end=\"1770\">Il piano, seppur strategico, rischia di restare un documento teorico se non accompagnato da fondi concreti.<\/p>\n<\/li>\n<\/ul>\n<p class=\"\" data-start=\"1772\" data-end=\"1969\">\ud83d\udd0d <strong data-start=\"1775\" data-end=\"1789\">Curiosit\u00e0:<\/strong><br data-start=\"1789\" data-end=\"1792\" \/>Lo studio incaricato \u00e8 specializzato in rigenerazione urbana e mercati su area pubblica: i commercianti casellesi potrebbero presto vedere idee innovative\u2026 sui loro marciapiedi.<\/p>\n<hr class=\"\" data-start=\"1971\" data-end=\"1974\" \/>\n<h3 class=\"\" data-start=\"1976\" data-end=\"2046\">4. Determinazione 262 \u2013 Morte e burocrazia: una proroga \u201cvitale\u201d<\/h3>\n<p class=\"\" data-start=\"2047\" data-end=\"2274\">\ud83d\udccb <strong data-start=\"2050\" data-end=\"2082\">Oggetto originale dell\u2019atto:<\/strong><br data-start=\"2082\" data-end=\"2085\" \/><strong data-start=\"2085\" data-end=\"2274\">SETTORE OPERE PUBBLICHE &#8211; SERVIZIO DI GESTIONE, MANUTENZIONE ORDINARIA E CUSTODIA DEL CIMITERO COMUNALE DI CASELLE T.SE &#8211; AFFIDAMENTO FINO AL 30.09.2025 &#8211; IMPEGNO SPESA &#8211; CIG B6964IF4EA<\/strong><\/p>\n<p class=\"\" data-start=\"2276\" data-end=\"2597\">\ud83c\udfdb <strong data-start=\"2279\" data-end=\"2296\">Introduzione:<\/strong><br data-start=\"2296\" data-end=\"2299\" \/>Nel silenzio dei cimiteri si nasconde anche il rumore delle scadenze amministrative. Con questa determina, il Comune proroga l\u2019attuale gestione del cimitero comunale fino a settembre 2025, in attesa di valutare un progetto di partenariato pubblico-privato per una nuova concessione a lungo termine.<\/p>\n<p class=\"\" data-start=\"2599\" data-end=\"2877\">\ud83d\udcac <strong data-start=\"2602\" data-end=\"2621\">Cos\u2019\u00e8 successo?<\/strong><br data-start=\"2621\" data-end=\"2624\" \/>\u00c8 scaduto il contratto di gestione in essere con l\u2019impresa PYRAMIS MECCA &amp; CHIAD\u00d2. In attesa di decidere sul futuro (che potrebbe coinvolgere un progetto di finanza di progetto), si \u00e8 deciso di prorogare di sei mesi il servizio per garantire continuit\u00e0.<\/p>\n<p class=\"\" data-start=\"2879\" data-end=\"2904\">\ud83d\udcca <strong data-start=\"2882\" data-end=\"2902\">Cifre coinvolte?<\/strong><\/p>\n<ul data-start=\"2905\" data-end=\"2968\">\n<li class=\"\" data-start=\"2905\" data-end=\"2968\">\n<p class=\"\" data-start=\"2907\" data-end=\"2968\">Spesa per la proroga: <strong data-start=\"2929\" data-end=\"2968\">\u20ac 29.755,02 + IVA 22% = \u20ac 36.301,12<\/strong><\/p>\n<\/li>\n<\/ul>\n<p class=\"\" data-start=\"2970\" data-end=\"3036\">\ud83c\udfe2 <strong data-start=\"2973\" data-end=\"2995\">Azienda coinvolta:<\/strong><br data-start=\"2995\" data-end=\"2998\" \/>PYRAMIS MECCA &amp; CHIAD\u00d2 S.r.l. \u2013 Torino<\/p>\n<p class=\"\" data-start=\"3038\" data-end=\"3074\">\ud83d\udccc <strong data-start=\"3041\" data-end=\"3058\">Pro e contro:<\/strong><br data-start=\"3058\" data-end=\"3061\" \/>\u2714\ufe0f <strong data-start=\"3064\" data-end=\"3072\">Pro:<\/strong><\/p>\n<ul data-start=\"3075\" data-end=\"3198\">\n<li class=\"\" data-start=\"3075\" data-end=\"3128\">\n<p class=\"\" data-start=\"3077\" data-end=\"3128\">Servizio essenziale garantito senza interruzioni.<\/p>\n<\/li>\n<li class=\"\" data-start=\"3129\" data-end=\"3198\">\n<p class=\"\" data-start=\"3131\" data-end=\"3198\">Continuit\u00e0 con il precedente gestore, gi\u00e0 operativo e collaudato.<\/p>\n<\/li>\n<\/ul>\n<p class=\"\" data-start=\"3200\" data-end=\"3215\">\u274c <strong data-start=\"3202\" data-end=\"3213\">Contro:<\/strong><\/p>\n<ul data-start=\"3216\" data-end=\"3327\">\n<li class=\"\" data-start=\"3216\" data-end=\"3271\">\n<p class=\"\" data-start=\"3218\" data-end=\"3271\">Soluzione tampone che potrebbe diventare abitudine.<\/p>\n<\/li>\n<li class=\"\" data-start=\"3272\" data-end=\"3327\">\n<p class=\"\" data-start=\"3274\" data-end=\"3327\">Mancanza temporanea di un bando pubblico competitivo.<\/p>\n<\/li>\n<\/ul>\n<p class=\"\" data-start=\"3329\" data-end=\"3492\">\ud83d\udd0d <strong data-start=\"3332\" data-end=\"3346\">Curiosit\u00e0:<\/strong><br data-start=\"3346\" data-end=\"3349\" \/>Il progetto di partenariato proposto dalla stessa impresa potrebbe cambiare radicalmente la gestione futura. Sar\u00e0 davvero un \u201cbusiness eterno\u201d?<\/p>\n<hr class=\"\" data-start=\"3494\" data-end=\"3497\" \/>\n<h3 class=\"\" data-start=\"3499\" data-end=\"3563\">5. Determinazione 261 \u2013 Due dimissioni, mille implicazioni<\/h3>\n<p class=\"\" data-start=\"3564\" data-end=\"3689\">\ud83d\udccb <strong data-start=\"3567\" data-end=\"3599\">Oggetto originale dell\u2019atto:<\/strong><br data-start=\"3599\" data-end=\"3602\" \/><strong data-start=\"3602\" data-end=\"3689\">PRESA D\u2019ATTO DELLE DIMISSIONI DEI DIPENDENTI MATRICOLA N. 1049 E MATRICOLA N. 1093.<\/strong><\/p>\n<p class=\"\" data-start=\"3691\" data-end=\"4059\">\ud83c\udfdb <strong data-start=\"3694\" data-end=\"3711\">Introduzione:<\/strong><br data-start=\"3711\" data-end=\"3714\" \/>Ogni Comune \u00e8 fatto di regole\u2026 e di persone. La determina 261 prende atto delle dimissioni volontarie di due dipendenti comunali, uno geometra e uno agente di polizia locale. Un passaggio formale, ma che racconta le difficolt\u00e0 della Pubblica Amministrazione nel trattenere risorse, specie in contesti concorrenziali o durante i periodi di prova.<\/p>\n<p class=\"\" data-start=\"4061\" data-end=\"4379\">\ud83d\udcac <strong data-start=\"4064\" data-end=\"4083\">Cos\u2019\u00e8 successo?<\/strong><br data-start=\"4083\" data-end=\"4086\" \/>Due dipendenti assunti nel 2022, con contratto a tempo indeterminato, hanno presentato le dimissioni: il primo nel dicembre 2023 (geometra), il secondo nell\u2019aprile 2025 (polizia locale). Solo uno dei due ha rispettato i tempi di preavviso, e infatti l\u2019altro ha subito una trattenuta economica.<\/p>\n<p class=\"\" data-start=\"4381\" data-end=\"4406\">\ud83d\udcca <strong data-start=\"4384\" data-end=\"4404\">Cifre coinvolte?<\/strong><\/p>\n<ul data-start=\"4407\" data-end=\"4529\">\n<li class=\"\" data-start=\"4407\" data-end=\"4456\">\n<p class=\"\" data-start=\"4409\" data-end=\"4456\">Trattenuta per mancato preavviso: <strong data-start=\"4443\" data-end=\"4454\">\u20ac 68,57<\/strong><\/p>\n<\/li>\n<li class=\"\" data-start=\"4457\" data-end=\"4529\">\n<p class=\"\" data-start=\"4459\" data-end=\"4529\">Nessuna monetizzazione delle ferie non godute, come previsto dal CCNL.<\/p>\n<\/li>\n<\/ul>\n<p class=\"\" data-start=\"4531\" data-end=\"4608\">\ud83c\udfe2 <strong data-start=\"4534\" data-end=\"4556\">Aziende coinvolte:<\/strong><br data-start=\"4556\" data-end=\"4559\" \/>Non applicabile \u2013 si tratta di personale interno.<\/p>\n<p class=\"\" data-start=\"4610\" data-end=\"4646\">\ud83d\udccc <strong data-start=\"4613\" data-end=\"4630\">Pro e contro:<\/strong><br data-start=\"4630\" data-end=\"4633\" \/>\u2714\ufe0f <strong data-start=\"4636\" data-end=\"4644\">Pro:<\/strong><\/p>\n<ul data-start=\"4647\" data-end=\"4756\">\n<li class=\"\" data-start=\"4647\" data-end=\"4698\">\n<p class=\"\" data-start=\"4649\" data-end=\"4698\">Corretta applicazione delle norme contrattuali.<\/p>\n<\/li>\n<li class=\"\" data-start=\"4699\" data-end=\"4756\">\n<p class=\"\" data-start=\"4701\" data-end=\"4756\">Chiarezza e trasparenza nella gestione del personale.<\/p>\n<\/li>\n<\/ul>\n<p class=\"\" data-start=\"4758\" data-end=\"4773\">\u274c <strong data-start=\"4760\" data-end=\"4771\">Contro:<\/strong><\/p>\n<ul data-start=\"4774\" data-end=\"4906\">\n<li class=\"\" data-start=\"4774\" data-end=\"4853\">\n<p class=\"\" data-start=\"4776\" data-end=\"4853\">Perdita di risorse umane che richiederanno sostituzione o riorganizzazione.<\/p>\n<\/li>\n<li class=\"\" data-start=\"4854\" data-end=\"4906\">\n<p class=\"\" data-start=\"4856\" data-end=\"4906\">Possibile impatto operativo nei settori coinvolti.<\/p>\n<\/li>\n<\/ul>\n<p class=\"\" data-start=\"4908\" data-end=\"5099\">\ud83d\udd0d <strong data-start=\"4911\" data-end=\"4925\">Curiosit\u00e0:<\/strong><br data-start=\"4925\" data-end=\"4928\" \/>Il dipendente 1093, pur dimettendosi durante il periodo di prova, non ha dovuto pagare penalit\u00e0: il contratto collettivo tutela il diritto al recesso in queste condizioni.<\/p>","protected":false},"excerpt":{"rendered":"<p>Ogni settimana, dietro le quinte dell\u2019attivit\u00e0 amministrativa del Comune di Caselle Torinese, vengono prese&hellip;<\/p>\n","protected":false},"author":4,"featured_media":1581158,"comment_status":"closed","ping_status":"open","sticky":false,"template":"","format":"standard","meta":{"om_disable_all_campaigns":false,"_sitemap_exclude":false,"_sitemap_priority":"","_sitemap_frequency":"","_monsterinsights_skip_tracking":false,"_monsterinsights_sitenote_active":false,"_monsterinsights_sitenote_note":"","_monsterinsights_sitenote_category":0,"footnotes":""},"categories":[213,4224,193,176],"tags":[664,5285,789,227,1516,1235,2406,3688,3157,1394,1568,5289,5287,2420,5286,1108,5288,1828,3293],"class_list":["post-1581074","post","type-post","status-publish","format-standard","has-post-thumbnail","hentry","category-amministrazione-comunale","category-determine-2025","category-determine-sotto-la-lente","category-ticpunto","tag-amministrazione-pubblica","tag-architettura-urbana","tag-bilancio-comunale","tag-caselle-torinese","tag-commercio-locale","tag-contributi-anac","tag-determine-comunali","tag-distretto-del-commercio","tag-enti-locali","tag-finanze-comunali","tag-gare-pubbliche","tag-gestione-cimitero","tag-incarico-professionale","tag-manutenzione-cimitero","tag-programmazione-strategica","tag-riscossione-coattiva","tag-servizi-cimiteriali","tag-tefa","tag-unione-net"],"aioseo_notices":[],"_links":{"self":[{"href":"https:\/\/ticronometro.com\/wp\/wp-json\/wp\/v2\/posts\/1581074","targetHints":{"allow":["GET"]}}],"collection":[{"href":"https:\/\/ticronometro.com\/wp\/wp-json\/wp\/v2\/posts"}],"about":[{"href":"https:\/\/ticronometro.com\/wp\/wp-json\/wp\/v2\/types\/post"}],"author":[{"embeddable":true,"href":"https:\/\/ticronometro.com\/wp\/wp-json\/wp\/v2\/users\/4"}],"replies":[{"embeddable":true,"href":"https:\/\/ticronometro.com\/wp\/wp-json\/wp\/v2\/comments?post=1581074"}],"version-history":[{"count":0,"href":"https:\/\/ticronometro.com\/wp\/wp-json\/wp\/v2\/posts\/1581074\/revisions"}],"wp:featuredmedia":[{"embeddable":true,"href":"https:\/\/ticronometro.com\/wp\/wp-json\/wp\/v2\/media\/1581158"}],"wp:attachment":[{"href":"https:\/\/ticronometro.com\/wp\/wp-json\/wp\/v2\/media?parent=1581074"}],"wp:term":[{"taxonomy":"category","embeddable":true,"href":"https:\/\/ticronometro.com\/wp\/wp-json\/wp\/v2\/categories?post=1581074"},{"taxonomy":"post_tag","embeddable":true,"href":"https:\/\/ticronometro.com\/wp\/wp-json\/wp\/v2\/tags?post=1581074"}],"curies":[{"name":"wp","href":"https:\/\/api.w.org\/{rel}","templated":true}]}}