{"id":1507547,"date":"2025-04-23T16:27:16","date_gmt":"2025-04-23T14:27:16","guid":{"rendered":"https:\/\/ticronometro.com\/wp\/2025\/04\/bulletin-istituzionale\/citta-di-torino\/il-consiglio-comunale-esprime-sostegno-allarmenia\/"},"modified":"2025-04-24T15:46:41","modified_gmt":"2025-04-24T13:46:41","slug":"il-consiglio-comunale-esprime-sostegno-allarmenia","status":"publish","type":"post","link":"https:\/\/ticronometro.com\/wp\/2025\/04\/bulletin-istituzionale\/citta-di-torino\/il-consiglio-comunale-esprime-sostegno-allarmenia\/","title":{"rendered":"IL CONSIGLIO COMUNALE ESPRIME SOSTEGNO ALL\u2019ARMENIA"},"content":{"rendered":"<p>Con l\u2019approvazione di un ordine del giorno presentato in aula da Simone Fissolo, la Sala Rossa invita l\u2019Amministrazione comunale a richiedere al Governo italiano di farsi parte attiva nei rapporti bilaterali con la Turchia affinch\u00e9 quest\u2019ultima riconosca il genocidio armeno del 1915-18. Riconoscimento formalmente effettuato da ONU e Parlamento Europeo negli anni Ottanta del secolo scorso, nonch\u00e9 pi\u00f9 recentemente, nel 2019, dalla nostra Camera dei Deputati, oltre che dalla stessa Citt\u00e0 di Torino nel 2012.<!--more--><\/p>\n<p>Inoltre, aggiunge l&rsquo;atto (approvato in Sala Rossa con 22 voti), occorre chiedere alla Regione Piemonte di collaborare con il Governo italiano affinch&eacute; si possa contrastare l&rsquo;attuale crisi umanitaria in Armenia, attraverso il coinvolgimento di personale sanitario e l&rsquo;invio di dispositivi medici.<\/p>\n<p>Infine, si chiede che Palazzo Civico promuova accordi con alcune citt&agrave; armene, al fine di rafforzare i legami culturali e di solidariet&agrave;, diffondendo inoltre il documento approvato presso le istituzioni nazionali e internazionali e sensibilizzando l&rsquo;opinione pubblica torinese sulla necessit&agrave; di un intervento deciso e solidale a favore del popolo armeno.<\/p>\n<p>L&rsquo;ordine del giorno ricorda le tragiche vicende del 1915-18, con le persecuzioni da parte dell&rsquo;Impero Ottomano contro la minoranza etnica armena, ma anche la difficile situazione nella quale si trova l&rsquo;attuale Repubblica, circondata da vicini ostili, in particolare l&rsquo;Azerbaigian, con il quale si sono verificati scontri militari ancora in anni recenti, come nel 2023, senza che la Federazione Russa esercitasse nei fatti il ruolo di garanzia che aveva formalmente assunto. Scontri che hanno portato a distruzioni e massicci esodi di popolazione.<\/p>\n<p>Il documento ricorda che l&rsquo;Armenia &egrave; un Paese di antica civilizzazione, il quale intende inoltre intensificare ulteriormente le relazioni con l&rsquo;Unione Europea, che vedono in corso un partenariato.  Nel 2017, poi, la Citt&agrave; ha conferito la cittadinanza onoraria alla scrittrice e saggista armena Antonia Arslan, efficace narratrice del genocidio del 1915-1918 con il suo romanzo &ldquo;La masseria delle allodole&rdquo;.<\/p>\n<p><em>(C.R. &ndash; Ufficio stampa del Consiglio comunale)<\/em><\/p>\n<p><a href=https:\/\/comunicatistampa.comune.torino.it\/2025\/04\/il-consiglio-comunale-esprime-sostegno-allarmenia\/>Continua la Lettura<\/a><\/p>\n","protected":false},"excerpt":{"rendered":"<p>Con l\u2019approvazione di un ordine del giorno presentato in aula da Simone Fissolo, la Sala Rossa invita l\u2019Amministrazione comunale a richiedere al Governo italiano di farsi parte attiva nei rapporti bilaterali con la Turchia affinch\u00e9 quest\u2019ultima riconosca il genocidio armeno del 1915-18. Riconoscimento formalmente effettuato da ONU e Parlamento Europeo negli anni Ottanta del secolo scorso, nonch\u00e9 pi\u00f9 recentemente, nel 2019, dalla nostra Camera dei Deputati, oltre che dalla stessa Citt\u00e0 di Torino nel 2012.<\/p>\n<p>Inoltre, aggiunge l\u2019atto (approvato in Sala Rossa con 22 voti), occorre chiedere alla Regione Piemonte di collaborare con il Governo italiano affinch\u00e9 si possa contrastare l\u2019attuale crisi umanitaria in Armenia, attraverso il coinvolgimento di personale sanitario e l\u2019invio di dispositivi medici.<\/p>\n<p>Infine, si chiede che Palazzo Civico promuova accordi con alcune citt\u00e0 armene, al fine di rafforzare i legami culturali e di solidariet\u00e0, diffondendo inoltre il documento approvato presso le i..<\/p>\n","protected":false},"author":1,"featured_media":0,"comment_status":"closed","ping_status":"open","sticky":false,"template":"","format":"standard","meta":{"om_disable_all_campaigns":false,"_sitemap_exclude":false,"_sitemap_priority":"","_sitemap_frequency":"","_monsterinsights_skip_tracking":false,"_monsterinsights_sitenote_active":false,"_monsterinsights_sitenote_note":"","_monsterinsights_sitenote_category":0,"footnotes":""},"categories":[64],"tags":[],"class_list":["post-1507547","post","type-post","status-publish","format-standard","hentry","category-citta-di-torino"],"aioseo_notices":[],"_links":{"self":[{"href":"https:\/\/ticronometro.com\/wp\/wp-json\/wp\/v2\/posts\/1507547","targetHints":{"allow":["GET"]}}],"collection":[{"href":"https:\/\/ticronometro.com\/wp\/wp-json\/wp\/v2\/posts"}],"about":[{"href":"https:\/\/ticronometro.com\/wp\/wp-json\/wp\/v2\/types\/post"}],"author":[{"embeddable":true,"href":"https:\/\/ticronometro.com\/wp\/wp-json\/wp\/v2\/users\/1"}],"replies":[{"embeddable":true,"href":"https:\/\/ticronometro.com\/wp\/wp-json\/wp\/v2\/comments?post=1507547"}],"version-history":[{"count":0,"href":"https:\/\/ticronometro.com\/wp\/wp-json\/wp\/v2\/posts\/1507547\/revisions"}],"wp:attachment":[{"href":"https:\/\/ticronometro.com\/wp\/wp-json\/wp\/v2\/media?parent=1507547"}],"wp:term":[{"taxonomy":"category","embeddable":true,"href":"https:\/\/ticronometro.com\/wp\/wp-json\/wp\/v2\/categories?post=1507547"},{"taxonomy":"post_tag","embeddable":true,"href":"https:\/\/ticronometro.com\/wp\/wp-json\/wp\/v2\/tags?post=1507547"}],"curies":[{"name":"wp","href":"https:\/\/api.w.org\/{rel}","templated":true}]}}