{"id":1437112,"date":"2025-04-10T19:13:34","date_gmt":"2025-04-10T17:13:34","guid":{"rendered":"https:\/\/ticronometro.com\/wp\/?p=1437112"},"modified":"2025-04-10T19:18:24","modified_gmt":"2025-04-10T17:18:24","slug":"10-aprile-atti-affari-e-affissioni-non-luminose-e-demolizioni-cronache-di-un-giorno-ordinariamente-straordinario","status":"publish","type":"post","link":"https:\/\/ticronometro.com\/wp\/2025\/04\/ticpunto\/10-aprile-atti-affari-e-affissioni-non-luminose-e-demolizioni-cronache-di-un-giorno-ordinariamente-straordinario\/","title":{"rendered":"10 aprile: atti, affari e affissioni (non luminose) e demolizioni \u2013 cronache di un giorno ordinariamente straordinario"},"content":{"rendered":"<div class=\"penci-texttospeech-wrapper customizer pc-ttp-s-style-6 pc-ttp-shortcode\"><div class=\"penci-texttospeech-box shortcode  style-6 custombg\"><div data-download=\"1\" ><audio class=\"wp-audio-shortcode\" id=\"audio-1437112-1\" style=\"width: 100%;\" controls=\"controls\"><source type=\"audio\/mpeg\" src=\"https:\/\/ticronometro.com\/wp\/wp-content\/uploads\/penci-text-to-speech\/post-1437112.mp3?cb=1744305405.mp3&#038;_=1\" \/><\/audio><\/div><\/div><\/div>\n\n\n<p class=\"\" data-start=\"296\" data-end=\"422\"><strong data-start=\"296\" data-end=\"422\">Oggi, ci immergiamo nuovamente nel mare magnum degli atti amministrativi. E lo facciamo armati della nostra solita ironia.<\/strong><\/p>\n<p class=\"\" data-start=\"424\" data-end=\"921\">S\u00ec, perch\u00e9 l\u2019amministrazione pubblica non \u00e8 solo moduli da timbrare e delibere da firmare, ma \u00e8 anche teatro umano, \u00e8 movimento, \u00e8 il racconto (involontario) di una comunit\u00e0 che si organizza per vivere meglio. E allora, se il 99% dei cittadini non ha mai letto una determina, noi gliela raccontiamo. Con il sorriso. Perch\u00e9 Caselle non \u00e8 solo rotatorie e F24, ma anche fioriere da spostare e concerti in chiesa. Pronti? Allacciate le cinture. Anzi no: parcheggiate. Tanto, per un po&#8217;, non si passa.<\/p>\n<hr class=\"\" data-start=\"923\" data-end=\"926\" \/>\n<p class=\"\" data-start=\"928\" data-end=\"1603\">Era una mattina di aprile come tante, quando il Comune decise di <em data-start=\"993\" data-end=\"1009\">chiudere tutto<\/em>. No, non per allerta meteo, ma per quella meraviglia primaverile chiamata <strong data-start=\"1084\" data-end=\"1115\">\u201cDej rastrej e dle Capline\u201d<\/strong>, la fiera pi\u00f9 amata dai casellesi (e meno amata dai loro parafanghi). Con l\u2019<strong data-start=\"1192\" data-end=\"1211\">ordinanza n. 66<\/strong>, l\u2019intero centro storico si trasforma in un circuito a ostacoli: divieti di sosta, sensi unici temporanei, accessi vietati persino ai pensieri. Le fioriere, che di solito fanno bella mostra di s\u00e9 in via Torino, vengono mobilitate come truppe in missione speciale. Il tutto per permettere bancarelle, profumo di frittelle e discussioni animate sui prezzi dei tappi di sughero decorati a mano.<\/p>\n<p class=\"\" data-start=\"1605\" data-end=\"2012\">Ma a Caselle non si fa mai una sola cosa per volta. Infatti, mentre le fioriere si spostano con grazia, ecco che parte anche la <strong data-start=\"1733\" data-end=\"1773\">carovana degli spettacoli viaggianti<\/strong>, grazie all\u2019<strong data-start=\"1786\" data-end=\"1805\">ordinanza n. 67<\/strong>. Il Prato Fiera si trasforma in mini Luna Park: autoscontri, zucchero filato, musiche da panico. In compenso, il parcheggio sparisce. Ma vuoi mettere? Un giro sul bruco mela vale molto pi\u00f9 di un posto auto.<\/p>\n<p class=\"\" data-start=\"2014\" data-end=\"2557\">Nel frattempo, in un\u2019altra parte della citt\u00e0 (virtuale), si riunisce la <strong data-start=\"2086\" data-end=\"2105\">Giunta comunale<\/strong>. Connessi da ogni angolo del territorio via GoToMeeting \u2013 che ormai \u00e8 pi\u00f9 frequentato della sala consiliare \u2013 i nostri amministratori danno il via libera a un po\u2019 di bellezza. Con la <strong data-start=\"2289\" data-end=\"2307\">delibera n. 45<\/strong>, infatti, patrocinano un <strong data-start=\"2333\" data-end=\"2370\">concerto nella Chiesa dei Battuti<\/strong>. Una serata musicale per cui Don Alessandro ha chiesto (e ottenuto) il benestare municipale. Nessuna spesa prevista, ma grande ritorno d\u2019immagine e spiritualit\u00e0 accordata in DO maggiore.<\/p>\n<p class=\"\" data-start=\"2559\" data-end=\"3098\">E mentre le note prendono forma tra le navate, i pensieri della Giunta volano pi\u00f9 in alto. Anzi, <strong data-start=\"2656\" data-end=\"2669\">atterrano<\/strong>. Con la <strong data-start=\"2678\" data-end=\"2696\">delibera n. 46<\/strong>, si approva un protocollo d\u2019intesa per la gestione della <strong data-start=\"2754\" data-end=\"2790\">viabilit\u00e0 nell\u2019area aeroportuale<\/strong>. Perch\u00e9 l\u2019aeroporto Sandro Pertini non dorme mai, e il traffico nemmeno. Cos\u00ec, tra ENAC, SAGAT e Comuni limitrofi, si cerca di far convivere taxi, navette, bagagli XL e automobilisti confusi, tutti nello stesso spazio vitale. Un piccolo passo per la viabilit\u00e0, un grande passo per la civilt\u00e0 del parcheggio.<\/p>\n<hr class=\"\" data-start=\"3100\" data-end=\"3103\" \/>\n<p class=\"\" data-start=\"3105\" data-end=\"3195\">Ma il cuore pulsante del Comune, si sa, \u00e8 l\u2019Ufficio Finanze. E qui le cose si fanno serie.<\/p>\n<p class=\"\" data-start=\"3197\" data-end=\"3529\">Con la <strong data-start=\"3204\" data-end=\"3229\">determinazione n. 229<\/strong>, Caselle restituisce allo Stato <strong data-start=\"3262\" data-end=\"3277\">46.422 euro<\/strong> di fondi COVID ricevuti negli anni bui del triennio 2020-2022 e poi rimasti l\u00ec, inutilizzati, come una mascherina nel cassetto. Un gesto nobile, trasparente, ma che fa un po\u2019 male al bilancio. D\u2019altronde, se non si spende\u2026 si restituisce. Giusto cos\u00ec.<\/p>\n<p class=\"\" data-start=\"3531\" data-end=\"3856\">A seguire, arriva anche il turno dell\u2019<strong data-start=\"3569\" data-end=\"3576\">IVA<\/strong>. E con la <strong data-start=\"3587\" data-end=\"3612\">determinazione n. 228<\/strong>, il Comune versa allo Stato ben <strong data-start=\"3645\" data-end=\"3664\">146.882,54 euro<\/strong> per le attivit\u00e0 di marzo: tra split payment, mensa scolastica, farmacia comunale e impianti sportivi, l\u2019imponibile vola. Ma lo Stato ringrazia, e lo fa in silenzio. Niente applausi, solo F24.<\/p>\n<hr class=\"\" data-start=\"3858\" data-end=\"3861\" \/>\n<p class=\"\" data-start=\"3863\" data-end=\"4213\">E mentre le casse escono, qualcosa entra: ecco la <strong data-start=\"3913\" data-end=\"3938\">determinazione n. 227<\/strong>, che certifica l\u2019ingresso di <strong data-start=\"3968\" data-end=\"3986\">36.786,67 euro<\/strong> in oneri concessori per pratiche edilizie rilasciate o validate. Alcuni costruiscono, altri sanano, altri ancora condonano. Ma tutti, chi pi\u00f9 chi meno, contribuiscono al marciapiede nuovo che \u2013 forse \u2013 vedremo l\u2019anno prossimo.<\/p>\n<p class=\"\" data-start=\"4215\" data-end=\"4728\">E gi\u00e0 che siamo in tema edilizia, la <strong data-start=\"4252\" data-end=\"4277\">determinazione n. 226<\/strong> arriva con la forza di una ruspa: <strong data-start=\"4312\" data-end=\"4362\">demolizione del fabbricato in Piazza Garambois<\/strong> e lavori in via Venaria\/via degli Alpini. L\u2019obiettivo? Pi\u00f9 sicurezza, pi\u00f9 parcheggi, e anche un plinto monumentale. Non si sa ancora cosa ci sar\u00e0 sopra, ma sotto \u00e8 tutto perfettamente regolare. La ditta M.C.K. S.R.L. si aggiudica l\u2019appalto con un ribasso del 5%, e per <strong data-start=\"4632\" data-end=\"4650\">42.869,63 euro<\/strong>, Caselle si fa bella. Una bellezza sobria, con CUP, CIG e molto calcestruzzo.<\/p>\n<hr class=\"\" data-start=\"4730\" data-end=\"4733\" \/>\n<p class=\"\" data-start=\"4735\" data-end=\"5209\">A coronare il tutto, ecco una piccola gemma d\u2019altri tempi: un <strong data-start=\"4797\" data-end=\"4822\">permesso di costruire<\/strong> per l\u2019installazione di un <strong data-start=\"4849\" data-end=\"4899\">cartello pubblicitario bifacciale non luminoso<\/strong>, rilasciato alla HI-COM s.r.l. in Strada Aeroporto. Niente LED, niente animazioni, solo due facce da guardare \u2013 una per ogni direzione. Un cartello che sembra uscito dagli anni \u201990, ma con tutti i documenti in regola. E in fondo, anche l\u2019occhio vuole la sua parte. Ma che sia ben visibile\u2026 <strong data-start=\"5190\" data-end=\"5208\">solo di giorno<\/strong>.<\/p>\n<hr class=\"\" data-start=\"5211\" data-end=\"5214\" \/>\n<p class=\"\" data-start=\"5216\" data-end=\"5534\">E cos\u00ec, in una sola settimana, Caselle ci ha raccontato una storia fatta di fiere, musica, traffico aeroportuale, fondi COVID, IVA, ruspe, pubblicit\u00e0 e zucchero filato. Tutto vero, tutto approvato, tutto protocollato. E noi ve l\u2019abbiamo raccontato con ironia, perch\u00e9 anche la burocrazia ha il diritto di farsi leggere.<\/p>\n<p class=\"\" data-start=\"5536\" data-end=\"5683\">Alla prossima puntata, sempre qui, sempre con il sorriso.<br data-start=\"5593\" data-end=\"5596\" \/>E se siete curiosi\u2026 i link agli atti ci sono. Ma non dite che non vi avevamo avvertito.<\/p>\n<p data-start=\"5536\" data-end=\"5683\">\n\n\n<iframe src=\"https:\/\/ticronometro.com\/trasparenza_3\/atti\/atti_periodo_sett_det.php?date=2025-04-10&#038;embed=1\" width=\"100%\" height=\"600\" frameborder=\"0\" style=\"border: 1px solid #ddd; border-radius: 4px;\"><\/iframe>\n\n\n<hr \/>\n<h3 class=\"\" data-start=\"104\" data-end=\"167\">\ud83d\udcc4 Delibera di Giunta n. 45 \u2013 Note alte e patrocinio divino<\/h3>\n<p class=\"\" data-start=\"169\" data-end=\"276\">\ud83d\udcc4 Oggetto originale:<br data-start=\"190\" data-end=\"193\" \/><strong data-start=\"193\" data-end=\"276\">SERATA MUSICALE IN CHIESA DEI BATTUTTI \u2013 CONCESSIONE PATROCINIO &#8211; PROVVEDIMENTI<\/strong><\/p>\n<p class=\"\" data-start=\"278\" data-end=\"621\">\ud83c\udfe0 Introduzione:<br data-start=\"294\" data-end=\"297\" \/>Quando l\u2019arte incontra la spiritualit\u00e0 e la burocrazia ci mette il timbro, nasce un evento con tutti i crismi. La Giunta, riunita in modalit\u00e0 telematica (perch\u00e9 le note viaggiano bene anche in digitale), ha dato il via libera alla serata musicale del 16 maggio. Perch\u00e9 un po\u2019 di cultura, ogni tanto, fa bene anche agli atti.<\/p>\n<p class=\"\" data-start=\"623\" data-end=\"794\">\ud83d\udcac Cos\u2019\u00e8 successo?<br data-start=\"641\" data-end=\"644\" \/>Approvata la concessione del patrocinio comunale per un concerto serale presso la Chiesa dei Battuti, su richiesta del parroco Don Alessandro Martini.<\/p>\n<p class=\"\" data-start=\"796\" data-end=\"928\">\ud83d\udcb0 Cifre coinvolte?<br data-start=\"815\" data-end=\"818\" \/>Nessun impegno di spesa indicato: il patrocinio \u00e8 puramente simbolico. Ma si sa, le emozioni non hanno prezzo.<\/p>\n<p class=\"\" data-start=\"930\" data-end=\"1051\">\ud83c\udfe2 Azienda\/ente coinvolto?<br data-start=\"956\" data-end=\"959\" \/>La Parrocchia di S. Maria e S. Giovanni \u2013 e indirettamente, l\u2019anima musicale della comunit\u00e0.<\/p>\n<p class=\"\" data-start=\"1053\" data-end=\"1231\">\ud83d\udd0e Pro e Contro:<br data-start=\"1069\" data-end=\"1072\" \/>\u2714\ufe0f Pro: Valorizzazione della cultura musicale e del patrimonio religioso.<br data-start=\"1145\" data-end=\"1148\" \/>\u274c Contro: Non indicato, ma potremmo dire&#8230; pochi posti a sedere per i fan di Bach.<\/p>\n<p class=\"\" data-start=\"1233\" data-end=\"1405\">\ud83d\udd0d Curiosit\u00e0:<br data-start=\"1246\" data-end=\"1249\" \/>La seduta si \u00e8 tenuta su GoToMeeting. Bach e Mozart forse non lo avrebbero mai immaginato, ma anche la burocrazia sa suonare&#8230; almeno il tasto <em data-start=\"1393\" data-end=\"1404\">&#8220;approva&#8221;<\/em>.<\/p>\n<hr class=\"\" data-start=\"1407\" data-end=\"1410\" \/>\n<h3 class=\"\" data-start=\"1412\" data-end=\"1502\">\ud83d\udcc4 Delibera di Giunta n. 46 \u2013 Scalo e pattuglia: la sinfonia del traffico aeroportuale<\/h3>\n<p class=\"\" data-start=\"1504\" data-end=\"1673\">\ud83d\udcc4 Oggetto originale:<br data-start=\"1525\" data-end=\"1528\" \/><strong data-start=\"1528\" data-end=\"1673\">APPROVAZIONE PROTOCOLLO D&#8217;INTESA PER LA GESTIONE DEI SERVIZI DI POLIZIA LOCALE NELL&#8217;AMBITO DELLA VIABILITA&#8217; ORDINARIA DEL SEDIME AEROPORTUALE<\/strong><\/p>\n<p class=\"\" data-start=\"1675\" data-end=\"1998\">\ud83c\udfe0 Introduzione:<br data-start=\"1691\" data-end=\"1694\" \/>Tra voli in partenza e parcheggi selvaggi, l\u2019area dell\u2019aeroporto ha bisogno di una bacchetta\u2026 no, non da direttore d\u2019orchestra, ma da comandante della polizia locale. Cos\u00ec la Giunta ha approvato un protocollo d\u2019intesa per mettere ordine l\u00e0 dove l\u2019auto regna sovrana e l\u2019autista&#8230; parcheggia dove capita.<\/p>\n<p class=\"\" data-start=\"2000\" data-end=\"2191\">\ud83d\udcac Cos\u2019\u00e8 successo?<br data-start=\"2018\" data-end=\"2021\" \/>Via libera a un accordo intercomunale per la gestione condivisa della viabilit\u00e0 ordinaria nell\u2019area aeroportuale, coinvolgendo i Comuni limitrofi e i gestori dello scalo.<\/p>\n<p class=\"\" data-start=\"2193\" data-end=\"2302\">\ud83d\udcb0 Cifre coinvolte?<br data-start=\"2212\" data-end=\"2215\" \/>Nessun dettaglio di spesa incluso nell\u2019atto, ma la burocrazia vola alto\u2026 a budget zero.<\/p>\n<p class=\"\" data-start=\"2304\" data-end=\"2445\">\ud83c\udfe2 Azienda\/ente coinvolto?<br data-start=\"2330\" data-end=\"2333\" \/>SAGAT S.p.A. (gestore aeroportuale), ENAC e i Comuni limitrofi (San Maurizio Canavese e San Francesco al Campo).<\/p>\n<p class=\"\" data-start=\"2447\" data-end=\"2619\">\ud83d\udd0e Pro e Contro:<br data-start=\"2463\" data-end=\"2466\" \/>\u2714\ufe0f Pro: Collaborazione interistituzionale e maggiore controllo su un\u2019area delicata.<br data-start=\"2549\" data-end=\"2552\" \/>\u274c Contro: L\u2019intesa \u00e8 buona, ma il traffico probabilmente non lo sa.<\/p>\n<p class=\"\" data-start=\"2621\" data-end=\"2769\">\ud83d\udd0d Curiosit\u00e0:<br data-start=\"2634\" data-end=\"2637\" \/>La seduta di approvazione si \u00e8 tenuta in modalit\u00e0 remota. Il che \u00e8 coerente: se parliamo di aeroporto, meglio viaggiare in digitale.<\/p>\n<hr \/>\n<h3 class=\"\" data-start=\"124\" data-end=\"198\">\ud83d\udcc4 Ordinanza n. 66 \u2013 Fiera di Primavera: vietato passare, ma con stile<\/h3>\n<p class=\"\" data-start=\"200\" data-end=\"246\">\ud83d\udcc4 Oggetto originale:<br data-start=\"221\" data-end=\"224\" \/><strong data-start=\"224\" data-end=\"246\">FIERA DI PRIMAVERA<\/strong><\/p>\n<p class=\"\" data-start=\"248\" data-end=\"544\">\ud83c\udfe0 Introduzione:<br data-start=\"264\" data-end=\"267\" \/>Caselle si prepara all\u2019annuale fiera \u201cDej rastrej e dle Capline\u201d, che si legge come una poesia in dialetto e si traduce in: \u201cmezza citt\u00e0 chiusa al traffico per un\u2019intera giornata\u201d. Perch\u00e9 ogni fiera che si rispetti ha il suo prezzo, e a Caselle si paga\u2026 con i divieti di sosta.<\/p>\n<p class=\"\" data-start=\"546\" data-end=\"817\">\ud83d\udcac Cos\u2019\u00e8 successo?<br data-start=\"564\" data-end=\"567\" \/>Per garantire il corretto svolgimento della Fiera di Primavera, il 4 maggio 2025 scatta una riorganizzazione viabilistica che coinvolge mezza Caselle: divieti di transito, sosta, sensi unici, fioriere da spostare. Un balletto urbano ben coreografato.<\/p>\n<p class=\"\" data-start=\"819\" data-end=\"942\">\ud83d\udcb0 Cifre coinvolte?<br data-start=\"838\" data-end=\"841\" \/>Non indicate. Ma tra ore extra della polizia locale e logistica fioriere, non proprio \u201ca costo zero\u201d.<\/p>\n<p class=\"\" data-start=\"944\" data-end=\"1097\">\ud83c\udfe2 Azienda\/ente coinvolto?<br data-start=\"970\" data-end=\"973\" \/>Il Comune, il Comando di Polizia Locale e i servizi di trasporto pubblico (GTT e Arriva, informati via e-mail come da rito).<\/p>\n<p class=\"\" data-start=\"1099\" data-end=\"1321\">\ud83d\udd0e Pro e Contro:<br data-start=\"1115\" data-end=\"1118\" \/>\u2714\ufe0f Pro: Manifestazione tradizionale valorizzata e organizzazione precisa.<br data-start=\"1191\" data-end=\"1194\" \/>\u274c Contro: Se hai parcheggiato nel posto sbagliato, il carro attrezzi ti trover\u00e0 prima ancora che tu abbia finito il cappuccino.<\/p>\n<p class=\"\" data-start=\"1323\" data-end=\"1491\">\ud83d\udd0d Curiosit\u00e0:<br data-start=\"1336\" data-end=\"1339\" \/>Anche le fioriere hanno il loro momento di gloria: saranno spostate gioved\u00ec 8 maggio dalle 14:00 alle 16:30. Perch\u00e9 anche loro vogliono vedere la fiera.<\/p>\n<hr class=\"\" data-start=\"1493\" data-end=\"1496\" \/>\n<h3 class=\"\" data-start=\"1498\" data-end=\"1577\">\ud83d\udcc4 Ordinanza n. 67 \u2013 Caselle, la citt\u00e0 dei balocchi (con rimozione forzata)<\/h3>\n<p class=\"\" data-start=\"1579\" data-end=\"1643\">\ud83d\udcc4 Oggetto originale:<br data-start=\"1600\" data-end=\"1603\" \/><strong data-start=\"1603\" data-end=\"1643\">SPETTACOLI VIAGGIANTI AL PRATO FIERA<\/strong><\/p>\n<p class=\"\" data-start=\"1645\" data-end=\"1886\">\ud83c\udfe0 Introduzione:<br data-start=\"1661\" data-end=\"1664\" \/>Arrivano i giostrai! E come ogni anno, l\u2019area del Prato Fiera si trasforma in luna park. Ma attenzione: per lasciar spazio a cavalli che non nitrano e montagne russe che non vanno da nessuna parte, il parcheggio\u2026 sparisce.<\/p>\n<p class=\"\" data-start=\"1888\" data-end=\"2113\">\ud83d\udcac Cos\u2019\u00e8 successo?<br data-start=\"1906\" data-end=\"1909\" \/>Dal 22 aprile al 6 maggio 2025 l\u2019area parcheggio del Prato Fiera viene riservata esclusivamente agli spettacoli viaggianti. Vietata sosta e transito, ma in compenso: zucchero filato e urla da autoscontro.<\/p>\n<p class=\"\" data-start=\"2115\" data-end=\"2215\">\ud83d\udcb0 Cifre coinvolte?<br data-start=\"2134\" data-end=\"2137\" \/>Non indicate, ma si presume un impatto positivo sul PIL dei bambini casellesi.<\/p>\n<p class=\"\" data-start=\"2217\" data-end=\"2309\">\ud83c\udfe2 Azienda\/ente coinvolto?<br data-start=\"2243\" data-end=\"2246\" \/>Comune di Caselle Torinese \u2013 Area Tecnica e Polizia Municipale.<\/p>\n<p class=\"\" data-start=\"2311\" data-end=\"2486\">\ud83d\udd0e Pro e Contro:<br data-start=\"2327\" data-end=\"2330\" \/>\u2714\ufe0f Pro: Intrattenimento garantito e tradizione mantenuta viva.<br data-start=\"2392\" data-end=\"2395\" \/>\u274c Contro: Trovare parcheggio in quei giorni sar\u00e0 pi\u00f9 difficile che vincere al tiro a segno.<\/p>\n<p class=\"\" data-start=\"2488\" data-end=\"2678\">\ud83d\udd0d Curiosit\u00e0:<br data-start=\"2501\" data-end=\"2504\" \/>Il divieto vale anche per la via Circonvallazione, ma il Comune sospende il divieto di sosta in un tratto&#8230; un piccolo gesto per chi non possiede un camper vintage da fiera.<\/p>\n<hr \/>\n<h3 class=\"\" data-start=\"111\" data-end=\"185\">\ud83d\udcc4 Determinazione n. 229 \u2013 Quando il rimborso \u00e8 virale (letteralmente)<\/h3>\n<p class=\"\" data-start=\"187\" data-end=\"388\">\ud83d\udcc4 Oggetto originale:<br data-start=\"208\" data-end=\"211\" \/><strong data-start=\"211\" data-end=\"386\">SETTORE FINANZE \u2013 RESTITUZIONE ALLO STATO DELLA QUOTA RELATIVA ALL\u2019ANNO 2025 DELLE RISORSE COVID-19 DEL TRIENNIO 2020\/2022 IN ECCESSO \u2013 IMPEGNO SPESA E GIROCONTO CONTABILE<\/strong><\/p>\n<p class=\"\" data-start=\"390\" data-end=\"729\">\ud83c\udfe0 Introduzione:<br data-start=\"406\" data-end=\"409\" \/>Anni di pandemia, ristori, sanificazioni e solidariet\u00e0 alimentare ci hanno lasciato con una sola certezza: lo Stato d\u00e0, ma se non spendi\u2026 riprende. Ecco che Caselle, dopo attenta verifica, restituisce parte dei fondi COVID. Perch\u00e9 anche nei conti pubblici, la parola d\u2019ordine \u00e8: <em data-start=\"688\" data-end=\"704\">niente sprechi<\/em> (e se c&#8217;\u00e8, si rifonde!).<\/p>\n<p class=\"\" data-start=\"731\" data-end=\"915\">\ud83d\udcac Cos\u2019\u00e8 successo?<br data-start=\"749\" data-end=\"752\" \/>Il Comune deve restituire 46.422 euro, parte dei fondi ricevuti nel triennio 2020-2022 e non utilizzati entro il 31\/12\/2022. Il tutto in rate annuali fino al 2027.<\/p>\n<p class=\"\" data-start=\"917\" data-end=\"1013\">\ud83d\udcb0 Cifre coinvolte?<br data-start=\"936\" data-end=\"939\" \/>Totale da restituire: <strong data-start=\"961\" data-end=\"980\">185.688,00 euro<\/strong><br data-start=\"980\" data-end=\"983\" \/>Quota 2025: <strong data-start=\"995\" data-end=\"1013\">46.422,00 euro<\/strong><\/p>\n<p class=\"\" data-start=\"1015\" data-end=\"1104\">\ud83c\udfe2 Azienda coinvolta?<br data-start=\"1036\" data-end=\"1039\" \/>Ministero dell\u2019Economia (il debitore pi\u00f9 paziente e vendicativo).<\/p>\n<p class=\"\" data-start=\"1106\" data-end=\"1280\">\ud83d\udd0e Pro e Contro:<br data-start=\"1122\" data-end=\"1125\" \/>\u2714\ufe0f Pro: Trasparenza e restituzione di fondi non usati.<br data-start=\"1179\" data-end=\"1182\" \/>\u274c Contro: Un piccolo addio a risorse che avrebbero potuto aiutare\u2026 con un po\u2019 pi\u00f9 di tempestivit\u00e0.<\/p>\n<p class=\"\" data-start=\"1282\" data-end=\"1410\">\ud83d\udd0d Curiosit\u00e0:<br data-start=\"1295\" data-end=\"1298\" \/>46.422 euro, se distribuiti tra i 13.941 abitanti, fanno 3,33 euro a testa. Un rimborso\u2026 in espresso e brioches!<\/p>\n<hr class=\"\" data-start=\"1412\" data-end=\"1415\" \/>\n<h3 class=\"\" data-start=\"1417\" data-end=\"1501\">\ud83d\udcc4 Determinazione n. 228 \u2013 IVA: I Valori Aggiunti della Pubblica Amministrazione<\/h3>\n<p class=\"\" data-start=\"1503\" data-end=\"1647\">\ud83d\udcc4 Oggetto originale:<br data-start=\"1524\" data-end=\"1527\" \/><strong data-start=\"1527\" data-end=\"1647\">SETTORE FINANZE &#8211; LIQUIDAZIONE IVA A DEBITO PER ATTIVIT\u00c0 COMMERCIALE ED ISTITUZIONALE DELL&#8217;ENTE &#8211; MESE DI MARZO 2025<\/strong><\/p>\n<p class=\"\" data-start=\"1649\" data-end=\"1889\">\ud83c\udfe0 Introduzione:<br data-start=\"1665\" data-end=\"1668\" \/>Anche il Comune, nel suo piccolo, paga l\u2019IVA. Tra mense scolastiche, farmacie e illuminazioni votive, l\u2019Erario non lascia scampo. E cos\u00ec, marzo si chiude con un \u201cconto salato\u201d a suon di F24EP. Con buona pace dei revisori.<\/p>\n<p class=\"\" data-start=\"1891\" data-end=\"2044\">\ud83d\udcac Cos\u2019\u00e8 successo?<br data-start=\"1909\" data-end=\"1912\" \/>Liquidazione dell\u2019IVA per attivit\u00e0 commerciali e istituzionali per il mese di marzo. Due conti separati, un solo versamento corposo.<\/p>\n<p class=\"\" data-start=\"2046\" data-end=\"2197\">\ud83d\udcb0 Cifre coinvolte?<br data-start=\"2065\" data-end=\"2068\" \/>IVA commerciale: <strong data-start=\"2085\" data-end=\"2102\">4.984,84 euro<\/strong><br data-start=\"2102\" data-end=\"2105\" \/>IVA istituzionale (split payment): <strong data-start=\"2140\" data-end=\"2159\">141.897,70 euro<\/strong><br data-start=\"2159\" data-end=\"2162\" \/>Totale versato: <strong data-start=\"2178\" data-end=\"2197\">146.882,54 euro<\/strong><\/p>\n<p class=\"\" data-start=\"2199\" data-end=\"2331\">\ud83c\udfe2 Azienda coinvolta?<br data-start=\"2220\" data-end=\"2223\" \/>Studio Associato Russo &amp; Pavia, per la consulenza. E ovviamente, Agenzia delle Entrate, destinataria felice.<\/p>\n<p class=\"\" data-start=\"2333\" data-end=\"2443\">\ud83d\udd0e Pro e Contro:<br data-start=\"2349\" data-end=\"2352\" \/>\u2714\ufe0f Pro: Tutto regolare, tutto tracciato.<br data-start=\"2392\" data-end=\"2395\" \/>\u274c Contro: Il versamento, seppur legittimo, pesa.<\/p>\n<p class=\"\" data-start=\"2445\" data-end=\"2584\">\ud83d\udd0d Curiosit\u00e0:<br data-start=\"2458\" data-end=\"2461\" \/>Con quella cifra si potevano finanziare 5.875 pasti scolastici da 2,50 euro. Ma lo Stato preferisce contanti ai cannelloni.<\/p>\n<hr class=\"\" data-start=\"2586\" data-end=\"2589\" \/>\n<h3 class=\"\" data-start=\"2591\" data-end=\"2658\">\ud83d\udcc4 Determinazione n. 227 \u2013 Quando gli oneri diventano\u2026 introiti<\/h3>\n<p class=\"\" data-start=\"2660\" data-end=\"2841\">\ud83d\udcc4 Oggetto originale:<br data-start=\"2681\" data-end=\"2684\" \/><strong data-start=\"2684\" data-end=\"2841\">SETTORE EDILIZIA PRIVATA &#8211; ACCERTAMENTO INCASSI RATE ONERI CONCESSORI PER LE PRATICHE EDILIZIE AI SENSI DEL D. LGS 118\/2011 SMI A FAR DATA DAL 19\/03\/2025<\/strong><\/p>\n<p class=\"\" data-start=\"2843\" data-end=\"3074\">\ud83c\udfe0 Introduzione:<br data-start=\"2859\" data-end=\"2862\" \/>Se costruire costa, almeno a qualcuno fa bene. Il Comune incassa gli oneri concessori delle pratiche edilizie, un modo tutto torinese per rendere il mattone&#8230; una risorsa. E non solo per chi ci costruisce sopra.<\/p>\n<p class=\"\" data-start=\"3076\" data-end=\"3249\">\ud83d\udcac Cos\u2019\u00e8 successo?<br data-start=\"3094\" data-end=\"3097\" \/>Accertati gli incassi delle rate degli oneri concessori per pratiche edilizie dal 19 marzo. Tutto regolarmente conteggiato, contabilizzato e verificato.<\/p>\n<p class=\"\" data-start=\"3251\" data-end=\"3309\">\ud83d\udcb0 Cifre coinvolte?<br data-start=\"3270\" data-end=\"3273\" \/>Totale incassato: <strong data-start=\"3291\" data-end=\"3309\">36.786,67 euro<\/strong><\/p>\n<p class=\"\" data-start=\"3311\" data-end=\"3411\">\ud83c\udfe2 Azienda coinvolta?<br data-start=\"3332\" data-end=\"3335\" \/>Nessuna azienda, solo contribuenti volenterosi (e costruttori ben motivati).<\/p>\n<p class=\"\" data-start=\"3413\" data-end=\"3544\">\ud83d\udd0e Pro e Contro:<br data-start=\"3429\" data-end=\"3432\" \/>\u2714\ufe0f Pro: Entrate certe e trasparenti.<br data-start=\"3468\" data-end=\"3471\" \/>\u274c Contro: L\u2019edilizia \u00e8 ancora un gioco per pochi (con portafogli grossi).<\/p>\n<p class=\"\" data-start=\"3546\" data-end=\"3734\">\ud83d\udd0d Curiosit\u00e0:<br data-start=\"3559\" data-end=\"3562\" \/>Con questi soldi, il Comune potrebbe rifare <strong data-start=\"3606\" data-end=\"3648\">circa 183 metri lineari di marciapiede<\/strong> (stimando 200 \u20ac\/m). Ma ci vorr\u00e0 qualche pratica in pi\u00f9 per pavimentare tutto Caselle.<\/p>\n<hr class=\"\" data-start=\"3736\" data-end=\"3739\" \/>\n<h3 class=\"\" data-start=\"3741\" data-end=\"3824\">\ud83d\udcc4 Determinazione n. 226 \u2013 Addio fabbricato, benvenuto parcheggio (e monumento)<\/h3>\n<p class=\"\" data-start=\"3826\" data-end=\"4186\">\ud83d\udcc4 Oggetto originale:<br data-start=\"3847\" data-end=\"3850\" \/><strong data-start=\"3850\" data-end=\"4186\">SETTORE OPERE PUBBLICHE &#8211; DETERMINAZIONE A CONTRARRE E AFFIDAMENTO DIRETTO, MEDIANTE PROCEDURA TELEMATICA, AI SENSI DELL\u2019ART. 50, COMMA 1, LETT. A) DEL D.LGS N. 36\/2023, PER I LAVORI DI DEMOLIZIONE DEL FABBRICATO IN PIAZZA GARAMBOIS E PER LAVORI IN VIA VENARIA\/VIA DEGLI ALPINI &#8211; CIG B64AA7128C &#8211; CUP G87H24001910004 &#8211; IMPEGNO SPESA<\/strong><\/p>\n<p class=\"\" data-start=\"4188\" data-end=\"4437\">\ud83c\udfe0 Introduzione:<br data-start=\"4204\" data-end=\"4207\" \/>Il vecchio edificio in Piazza Garambois? Addio. Un altro pezzo di passato che fa spazio a parcheggi, sicurezza e un monumento dal basamento solido. Una demolizione con ambizioni urbanistiche e un tocco di poesia in cemento armato.<\/p>\n<p class=\"\" data-start=\"4439\" data-end=\"4601\">\ud83d\udcac Cos\u2019\u00e8 successo?<br data-start=\"4457\" data-end=\"4460\" \/>Approvati e affidati i lavori per la demolizione del fabbricato e per la realizzazione di un plinto in via Venaria per ancorare un monumento.<\/p>\n<p class=\"\" data-start=\"4603\" data-end=\"4741\">\ud83d\udcb0 Cifre coinvolte?<br data-start=\"4622\" data-end=\"4625\" \/>Importo lavori e oneri sicurezza: <strong data-start=\"4659\" data-end=\"4677\">36.461,71 euro<\/strong><br data-start=\"4677\" data-end=\"4680\" \/>Totale appalto (compresi IVA e incentivi): <strong data-start=\"4723\" data-end=\"4741\">45.212,52 euro<\/strong><\/p>\n<p class=\"\" data-start=\"4743\" data-end=\"4796\">\ud83c\udfe2 Azienda coinvolta?<br data-start=\"4764\" data-end=\"4767\" \/>M.C.K. S.R.L. di Salassa (TO)<\/p>\n<p class=\"\" data-start=\"4798\" data-end=\"4949\">\ud83d\udd0e Pro e Contro:<br data-start=\"4814\" data-end=\"4817\" \/>\u2714\ufe0f Pro: Riqualificazione urbana, sicurezza aumentata.<br data-start=\"4870\" data-end=\"4873\" \/>\u274c Contro: Addio al vecchio fabbricato&#8230; e ai suoi nostalgici frequentatori.<\/p>\n<p class=\"\" data-start=\"4951\" data-end=\"5083\">\ud83d\udd0d Curiosit\u00e0:<br data-start=\"4964\" data-end=\"4967\" \/>Il progetto prevede anche la realizzazione di un plinto per un monumento: a Caselle si tengono le basi&#8230; sul serio!<\/p>\n<hr \/>\n<h3 class=\"\" data-start=\"130\" data-end=\"224\">\ud83d\udcc4 Permesso di Costruire n. 3282\/PE-400-2024\/526 \u2013 La pubblicit\u00e0 ha due facce (e zero LED)<\/h3>\n<p class=\"\" data-start=\"226\" data-end=\"322\">\ud83d\udcc4 Oggetto originale:<br data-start=\"247\" data-end=\"250\" \/><strong data-start=\"250\" data-end=\"322\">INSTALLAZIONE DI N. 1 CARTELLO PUBBLICITARIO BIFACCIALE NON LUMINOSO<\/strong><\/p>\n<p class=\"\" data-start=\"324\" data-end=\"600\">\ud83c\udfe0 Introduzione:<br data-start=\"340\" data-end=\"343\" \/>A Caselle si fa pubblicit\u00e0\u2026 con stile retr\u00f2. Niente LED, niente effetti speciali: solo un bel cartello bifacciale, statico, silenzioso, e rigorosamente non luminoso. Perch\u00e9 anche l\u2019occhio vuole la sua parte, ma senza accecare nessuno sulla Strada Aeroporto.<\/p>\n<p class=\"\" data-start=\"602\" data-end=\"825\">\ud83d\udcac Cos\u2019\u00e8 successo?<br data-start=\"620\" data-end=\"623\" \/>La HI-COM s.r.l. ha ottenuto l\u2019autorizzazione per installare un cartellone pubblicitario bifacciale in zona strategica (Strada Aeroporto lato civico 42), dove il traffico \u00e8 garantito e gli sguardi pure.<\/p>\n<p class=\"\" data-start=\"827\" data-end=\"980\">\ud83d\udcb0 Cifre coinvolte?<br data-start=\"846\" data-end=\"849\" \/>Non specificate nell\u2019atto. Ma si sa: la pubblicit\u00e0 \u00e8 l\u2019anima del commercio, e un\u2019anima cos\u00ec sobria raramente ha bisogno di milioni.<\/p>\n<p class=\"\" data-start=\"982\" data-end=\"1059\">\ud83c\udfe2 Azienda coinvolta?<br data-start=\"1003\" data-end=\"1006\" \/><strong data-start=\"1006\" data-end=\"1023\">HI-COM s.r.l.<\/strong>, con lode per l\u2019eleganza analogica.<\/p>\n<p class=\"\" data-start=\"1061\" data-end=\"1203\">\ud83d\udd0e Pro e Contro:<br data-start=\"1077\" data-end=\"1080\" \/>\u2714\ufe0f Pro: Un\u2019installazione che non disturba e non inquina visivamente.<br data-start=\"1148\" data-end=\"1151\" \/>\u274c Contro: Se cercavi luci al neon\u2026 cambia quartiere.<\/p>\n<p class=\"\" data-start=\"1205\" data-end=\"1359\">\ud83d\udd0d Curiosit\u00e0:<br data-start=\"1218\" data-end=\"1221\" \/>Il cartello \u00e8 bifacciale, cio\u00e8 si fa guardare da entrambe le direzioni. Proprio come certi atti pubblici: vanno letti da ogni angolazione.<\/p>","protected":false},"excerpt":{"rendered":"<p>Oggi, ci immergiamo nuovamente nel mare magnum degli atti amministrativi. E lo facciamo armati&hellip;<\/p>\n","protected":false},"author":4,"featured_media":1437223,"comment_status":"closed","ping_status":"open","sticky":false,"template":"","format":"standard","meta":{"om_disable_all_campaigns":false,"_sitemap_exclude":false,"_sitemap_priority":"","_sitemap_frequency":"","_monsterinsights_skip_tracking":false,"_monsterinsights_sitenote_active":false,"_monsterinsights_sitenote_note":"","_monsterinsights_sitenote_category":0,"footnotes":""},"categories":[213,4916,661,176],"tags":[5012,2737,5017,3881,5007,1747,5009,5013,5016,1394,2213,5011,3118,5008,5015,5010,4983,5014,423],"class_list":["post-1437112","post","type-post","status-publish","format-standard","has-post-thumbnail","hentry","category-amministrazione-comunale","category-aprile-2025","category-ironie-burocratiche","category-ticpunto","tag-appalto-diretto-comune","tag-atti-amministrativi-caselle","tag-cartello-pubblicitario-autorizzato","tag-delibere-giunta-caselle","tag-demolizione-fabbricato-pubblico","tag-determinazioni-comunali","tag-edilizia-privata-caselle","tag-eventi-religiosi-patrocinati","tag-fiera-di-primavera-caselle","tag-finanze-comunali","tag-gestione-fondi-pubblici","tag-iva-enti-locali","tag-lavori-pubblici-caselle","tag-oneri-concessori-edilizia","tag-patrocinio-eventi-culturali","tag-protocollo-viabilita-aeroporto","tag-restituzione-fondi-covid","tag-spettacoli-viaggianti-caselle","tag-trasparenza-amministrativa"],"aioseo_notices":[],"_links":{"self":[{"href":"https:\/\/ticronometro.com\/wp\/wp-json\/wp\/v2\/posts\/1437112","targetHints":{"allow":["GET"]}}],"collection":[{"href":"https:\/\/ticronometro.com\/wp\/wp-json\/wp\/v2\/posts"}],"about":[{"href":"https:\/\/ticronometro.com\/wp\/wp-json\/wp\/v2\/types\/post"}],"author":[{"embeddable":true,"href":"https:\/\/ticronometro.com\/wp\/wp-json\/wp\/v2\/users\/4"}],"replies":[{"embeddable":true,"href":"https:\/\/ticronometro.com\/wp\/wp-json\/wp\/v2\/comments?post=1437112"}],"version-history":[{"count":0,"href":"https:\/\/ticronometro.com\/wp\/wp-json\/wp\/v2\/posts\/1437112\/revisions"}],"wp:featuredmedia":[{"embeddable":true,"href":"https:\/\/ticronometro.com\/wp\/wp-json\/wp\/v2\/media\/1437223"}],"wp:attachment":[{"href":"https:\/\/ticronometro.com\/wp\/wp-json\/wp\/v2\/media?parent=1437112"}],"wp:term":[{"taxonomy":"category","embeddable":true,"href":"https:\/\/ticronometro.com\/wp\/wp-json\/wp\/v2\/categories?post=1437112"},{"taxonomy":"post_tag","embeddable":true,"href":"https:\/\/ticronometro.com\/wp\/wp-json\/wp\/v2\/tags?post=1437112"}],"curies":[{"name":"wp","href":"https:\/\/api.w.org\/{rel}","templated":true}]}}