{"id":1396392,"date":"2025-04-03T05:00:00","date_gmt":"2025-04-03T03:00:00","guid":{"rendered":"https:\/\/ticronometro.com\/wp\/2025\/04\/notizie-rss\/da-torino\/giovani-violenti-ed-estremisti-tutti-i-nomi-degli-antagonisti-arrestati-per-lassalto-alle-caserme-di-torino-in-nome-di-ramy-elgaml\/"},"modified":"2025-04-03T09:07:11","modified_gmt":"2025-04-03T07:07:11","slug":"giovani-violenti-ed-estremisti-tutti-i-nomi-degli-antagonisti-arrestati-per-lassalto-alle-caserme-di-torino-in-nome-di-ramy-elgaml","status":"publish","type":"post","link":"https:\/\/ticronometro.com\/wp\/2025\/04\/notizie-rss\/da-torino\/giovani-violenti-ed-estremisti-tutti-i-nomi-degli-antagonisti-arrestati-per-lassalto-alle-caserme-di-torino-in-nome-di-ramy-elgaml\/","title":{"rendered":"Giovani violenti ed estremisti: tutti i nomi degli antagonisti arrestati per l\u2019assalto alle caserme di Torino in nome di Ramy Elgaml"},"content":{"rendered":"<p><img decoding=\"async\" src=\"https:\/\/citynews-torinotoday.stgy.ovh\/~media\/original-hi\/56953735964001\/scontri-torino-ramy.jpg\" alt=\"Giovani violenti ed estremisti: tutti i nomi degli antagonisti arrestati per l&rsquo;assalto alle caserme di Torino in nome di Ramy Elgaml\"\/> La pi\u00f9 piccola si atteggia da capo-rivolta e, urlando, incita i compagni mentre infuriano gli scontri. Il pi\u00f9 grande ha 26 anni. Sono tutti volti noti alle forze dell&#8217;ordine, habitu\u00e9e degli scontri di piazza e del centro sociale Askatasuna di corso Regina Margherita 47. Per loro, i poliziotti&#8230;<a href=https:\/\/www.torinotoday.it\/dossier\/criminalita\/askatasuna-scontri-polizia-assalto-caserme-ramy-nomi-antagonisti-arrestati.html>Continua la Lettura<\/a><\/p>\n","protected":false},"excerpt":{"rendered":"<p>La pi\u00f9 piccola si atteggia da capo-rivolta e, urlando, incita i compagni mentre infuriano gli scontri. Il pi\u00f9 grande ha 26 anni. Sono tutti volti noti alle forze dell&#8217;ordine, habitu\u00e9e degli scontri di piazza e del centro sociale Askatasuna di corso Regina Margherita 47. Per loro, i poliziotti&#8230;<\/p>\n","protected":false},"author":1,"featured_media":162279,"comment_status":"closed","ping_status":"open","sticky":false,"template":"","format":"standard","meta":{"om_disable_all_campaigns":false,"_sitemap_exclude":false,"_sitemap_priority":"","_sitemap_frequency":"","_monsterinsights_skip_tracking":false,"_monsterinsights_sitenote_active":false,"_monsterinsights_sitenote_note":"","_monsterinsights_sitenote_category":0,"footnotes":""},"categories":[72],"tags":[],"class_list":["post-1396392","post","type-post","status-publish","format-standard","has-post-thumbnail","hentry","category-da-torino"],"aioseo_notices":[],"_links":{"self":[{"href":"https:\/\/ticronometro.com\/wp\/wp-json\/wp\/v2\/posts\/1396392","targetHints":{"allow":["GET"]}}],"collection":[{"href":"https:\/\/ticronometro.com\/wp\/wp-json\/wp\/v2\/posts"}],"about":[{"href":"https:\/\/ticronometro.com\/wp\/wp-json\/wp\/v2\/types\/post"}],"author":[{"embeddable":true,"href":"https:\/\/ticronometro.com\/wp\/wp-json\/wp\/v2\/users\/1"}],"replies":[{"embeddable":true,"href":"https:\/\/ticronometro.com\/wp\/wp-json\/wp\/v2\/comments?post=1396392"}],"version-history":[{"count":0,"href":"https:\/\/ticronometro.com\/wp\/wp-json\/wp\/v2\/posts\/1396392\/revisions"}],"wp:featuredmedia":[{"embeddable":true,"href":"https:\/\/ticronometro.com\/wp\/wp-json\/wp\/v2\/media\/162279"}],"wp:attachment":[{"href":"https:\/\/ticronometro.com\/wp\/wp-json\/wp\/v2\/media?parent=1396392"}],"wp:term":[{"taxonomy":"category","embeddable":true,"href":"https:\/\/ticronometro.com\/wp\/wp-json\/wp\/v2\/categories?post=1396392"},{"taxonomy":"post_tag","embeddable":true,"href":"https:\/\/ticronometro.com\/wp\/wp-json\/wp\/v2\/tags?post=1396392"}],"curies":[{"name":"wp","href":"https:\/\/api.w.org\/{rel}","templated":true}]}}