{"id":1393433,"date":"2025-04-02T08:43:00","date_gmt":"2025-04-02T06:43:00","guid":{"rendered":"https:\/\/ticronometro.com\/wp\/2025\/04\/notizie-rss\/ultima-ora\/universita-sindaco-rho-campus-mind-e-il-primo-passo-dei-giovani-per-lo-sviluppo-della-societa\/"},"modified":"2025-04-02T09:07:09","modified_gmt":"2025-04-02T07:07:09","slug":"universita-sindaco-rho-campus-mind-e-il-primo-passo-dei-giovani-per-lo-sviluppo-della-societa","status":"publish","type":"post","link":"https:\/\/ticronometro.com\/wp\/2025\/04\/notizie-rss\/ultima-ora\/universita-sindaco-rho-campus-mind-e-il-primo-passo-dei-giovani-per-lo-sviluppo-della-societa\/","title":{"rendered":"Universit\u00e0, sindaco Rho: &#8220;Campus Mind \u00e8 il primo passo dei giovani per lo sviluppo della societ\u00e0&#8221;"},"content":{"rendered":"<p>(Adnkronos) &#8211; &#8220;Pensando a questo studentato da 650 posti mi immagino il primo studente che arriver\u00e0. All\u2019interno della valigia i sogni per il futuro. Il campus Mind fa questo: \u00e8 il primo passo perch\u00e9 i giovani possano perseguire i propri sogni e contribuire allo sviluppo della societ\u00e0&#8221;. Lo ha detto oggi il sindaco di Rho, Andrea Orlandi, a margine dell&#8217;inaugurazione del cantiere del primo studentato del futuro campus dell&#8217;Universit\u00e0 Statale di Milano, in zona Mind.<a href=https:\/\/www.adnkronos.com\/lavoro\/universita-sindaco-rho-campus-mind-e-il-primo-passo-dei-giovani-per-lo-sviluppo-della-societa_4em5WLaJgGe4QI1xXzkSAT>Continua la Lettura<\/a><\/p>\n","protected":false},"excerpt":{"rendered":"<p>(Adnkronos) &#8211; &#8220;Pensando a questo studentato da 650 posti mi immagino il primo studente che arriver\u00e0. All\u2019interno della valigia i sogni per il futuro. Il campus Mind fa questo: \u00e8 il primo passo perch\u00e9 i giovani possano perseguire i propri sogni e contribuire allo sviluppo della societ\u00e0&#8221;. Lo ha detto oggi il sindaco di Rho, Andrea Orlandi, a margine dell&#8217;inaugurazione del cantiere del primo studentato del futuro campus dell&#8217;Universit\u00e0 Statale di Milano, in zona Mind.<\/p>\n","protected":false},"author":1,"featured_media":162173,"comment_status":"closed","ping_status":"open","sticky":false,"template":"","format":"standard","meta":{"om_disable_all_campaigns":false,"_sitemap_exclude":false,"_sitemap_priority":"","_sitemap_frequency":"","_monsterinsights_skip_tracking":false,"_monsterinsights_sitenote_active":false,"_monsterinsights_sitenote_note":"","_monsterinsights_sitenote_category":0,"footnotes":""},"categories":[74],"tags":[],"class_list":["post-1393433","post","type-post","status-publish","format-standard","has-post-thumbnail","hentry","category-ultima-ora"],"aioseo_notices":[],"_links":{"self":[{"href":"https:\/\/ticronometro.com\/wp\/wp-json\/wp\/v2\/posts\/1393433","targetHints":{"allow":["GET"]}}],"collection":[{"href":"https:\/\/ticronometro.com\/wp\/wp-json\/wp\/v2\/posts"}],"about":[{"href":"https:\/\/ticronometro.com\/wp\/wp-json\/wp\/v2\/types\/post"}],"author":[{"embeddable":true,"href":"https:\/\/ticronometro.com\/wp\/wp-json\/wp\/v2\/users\/1"}],"replies":[{"embeddable":true,"href":"https:\/\/ticronometro.com\/wp\/wp-json\/wp\/v2\/comments?post=1393433"}],"version-history":[{"count":0,"href":"https:\/\/ticronometro.com\/wp\/wp-json\/wp\/v2\/posts\/1393433\/revisions"}],"wp:featuredmedia":[{"embeddable":true,"href":"https:\/\/ticronometro.com\/wp\/wp-json\/wp\/v2\/media\/162173"}],"wp:attachment":[{"href":"https:\/\/ticronometro.com\/wp\/wp-json\/wp\/v2\/media?parent=1393433"}],"wp:term":[{"taxonomy":"category","embeddable":true,"href":"https:\/\/ticronometro.com\/wp\/wp-json\/wp\/v2\/categories?post=1393433"},{"taxonomy":"post_tag","embeddable":true,"href":"https:\/\/ticronometro.com\/wp\/wp-json\/wp\/v2\/tags?post=1393433"}],"curies":[{"name":"wp","href":"https:\/\/api.w.org\/{rel}","templated":true}]}}