{"id":1166431,"date":"2025-01-24T15:09:25","date_gmt":"2025-01-24T14:09:25","guid":{"rendered":"https:\/\/ticronometro.com\/wp\/2025\/01\/notizie-rss\/da-torino\/soggettivita-la-mostra-per-dare-voce-e-spazio-ad-artisti-con-disabilita-e-neurodivergenze\/"},"modified":"2025-01-24T16:28:36","modified_gmt":"2025-01-24T15:28:36","slug":"soggettivita-la-mostra-per-dare-voce-e-spazio-ad-artisti-con-disabilita-e-neurodivergenze","status":"publish","type":"post","link":"https:\/\/ticronometro.com\/wp\/2025\/01\/notizie-rss\/da-torino\/soggettivita-la-mostra-per-dare-voce-e-spazio-ad-artisti-con-disabilita-e-neurodivergenze\/","title":{"rendered":"&#8220;Soggettivit\u00e0&#8221;, la mostra per dare voce e spazio ad artisti con disabilit\u00e0 e neurodivergenze"},"content":{"rendered":"<p><img decoding=\"async\" src=\"https:\/\/citynews-torinotoday.stgy.ovh\/~media\/original-hi\/20094987272532\/soggettivita.jpg\" alt=\"&quot;Soggettivit&agrave;&quot;, la mostra per dare voce e spazio ad artisti con disabilit&agrave; e neurodivergenze\"\/> Torino si apre a una nuova mostra che d\u00e0 voce all&#8217;arte e alle esperienze di persone con disabilit\u00e0 e neurodivergenze. Dal 26 gennaio al 8 febbraio, presso il Cap10100, sar\u00e0 possibile visitare &#8220;Soggettivit\u00e0&#8221;, un progetto promosso dal collettivo universitario Mai Ultimi e curato da Alice Tancredi&#8230;<a href=https:\/\/www.torinotoday.it\/eventi\/soggettivita-cap10100.html>Continua la Lettura<\/a><\/p>\n","protected":false},"excerpt":{"rendered":"<p>Torino si apre a una nuova mostra che d\u00e0 voce all&#8217;arte e alle esperienze di persone con disabilit\u00e0 e neurodivergenze. Dal 26 gennaio al 8 febbraio, presso il Cap10100, sar\u00e0 possibile visitare &#8220;Soggettivit\u00e0&#8221;, un progetto promosso dal collettivo universitario Mai Ultimi e curato da Alice Tancredi&#8230;<\/p>\n","protected":false},"author":1,"featured_media":162279,"comment_status":"closed","ping_status":"open","sticky":false,"template":"","format":"standard","meta":{"om_disable_all_campaigns":false,"_sitemap_exclude":false,"_sitemap_priority":"","_sitemap_frequency":"","_monsterinsights_skip_tracking":false,"_monsterinsights_sitenote_active":false,"_monsterinsights_sitenote_note":"","_monsterinsights_sitenote_category":0,"footnotes":""},"categories":[72],"tags":[],"class_list":["post-1166431","post","type-post","status-publish","format-standard","has-post-thumbnail","hentry","category-da-torino"],"aioseo_notices":[],"_links":{"self":[{"href":"https:\/\/ticronometro.com\/wp\/wp-json\/wp\/v2\/posts\/1166431","targetHints":{"allow":["GET"]}}],"collection":[{"href":"https:\/\/ticronometro.com\/wp\/wp-json\/wp\/v2\/posts"}],"about":[{"href":"https:\/\/ticronometro.com\/wp\/wp-json\/wp\/v2\/types\/post"}],"author":[{"embeddable":true,"href":"https:\/\/ticronometro.com\/wp\/wp-json\/wp\/v2\/users\/1"}],"replies":[{"embeddable":true,"href":"https:\/\/ticronometro.com\/wp\/wp-json\/wp\/v2\/comments?post=1166431"}],"version-history":[{"count":0,"href":"https:\/\/ticronometro.com\/wp\/wp-json\/wp\/v2\/posts\/1166431\/revisions"}],"wp:featuredmedia":[{"embeddable":true,"href":"https:\/\/ticronometro.com\/wp\/wp-json\/wp\/v2\/media\/162279"}],"wp:attachment":[{"href":"https:\/\/ticronometro.com\/wp\/wp-json\/wp\/v2\/media?parent=1166431"}],"wp:term":[{"taxonomy":"category","embeddable":true,"href":"https:\/\/ticronometro.com\/wp\/wp-json\/wp\/v2\/categories?post=1166431"},{"taxonomy":"post_tag","embeddable":true,"href":"https:\/\/ticronometro.com\/wp\/wp-json\/wp\/v2\/tags?post=1166431"}],"curies":[{"name":"wp","href":"https:\/\/api.w.org\/{rel}","templated":true}]}}