{"id":102304,"date":"2024-05-01T08:35:00","date_gmt":"2024-05-01T06:35:00","guid":{"rendered":"https:\/\/ticronometro.com\/wp\/2024\/05\/blog\/1-maggio-margiotta-confsal-occupazione-sicurezza-ed-equita-retributiva-priorita\/"},"modified":"2024-05-01T08:35:00","modified_gmt":"2024-05-01T06:35:00","slug":"1-maggio-margiotta-confsal-occupazione-sicurezza-ed-equita-retributiva-priorita","status":"publish","type":"post","link":"https:\/\/ticronometro.com\/wp\/2024\/05\/notizie-rss\/1-maggio-margiotta-confsal-occupazione-sicurezza-ed-equita-retributiva-priorita\/","title":{"rendered":"1 maggio, Margiotta (Confsal): &#8220;Occupazione, sicurezza ed equit\u00e0 retributiva priorit\u00e0&#8221;"},"content":{"rendered":"<p>(Adnkronos) &#8211; Cos\u00ec il segretario generale di Confsal aprendo la giornata del lavoro di Confsal in piazza del Plebiscito a Napoli<a href=\"https:\/\/www.adnkronos.com\/lavoro\/1-maggio-margiotta-confsal-occupazione-sicurezza-ed-equita-retributiva-priorita_1WPVfzYbjoQltP3OuxwFxD\" target=\"_blank\" class=\"feedzy-rss-link-icon\" rel=\"noopener\">Read More<\/a><\/p>","protected":false},"excerpt":{"rendered":"<p>(Adnkronos) &#8211; Cos\u00ec il segretario generale di Confsal aprendo la giornata del lavoro di&hellip;<\/p>\n","protected":false},"author":0,"featured_media":102303,"comment_status":"","ping_status":"open","sticky":false,"template":"","format":"standard","meta":{"om_disable_all_campaigns":false,"_sitemap_exclude":false,"_sitemap_priority":"","_sitemap_frequency":"","_monsterinsights_skip_tracking":false,"_monsterinsights_sitenote_active":false,"_monsterinsights_sitenote_note":"","_monsterinsights_sitenote_category":0,"footnotes":""},"categories":[71,74],"tags":[],"class_list":["post-102304","post","type-post","status-publish","format-standard","has-post-thumbnail","hentry","category-notizie-rss","category-ultima-ora"],"aioseo_notices":[],"_links":{"self":[{"href":"https:\/\/ticronometro.com\/wp\/wp-json\/wp\/v2\/posts\/102304","targetHints":{"allow":["GET"]}}],"collection":[{"href":"https:\/\/ticronometro.com\/wp\/wp-json\/wp\/v2\/posts"}],"about":[{"href":"https:\/\/ticronometro.com\/wp\/wp-json\/wp\/v2\/types\/post"}],"replies":[{"embeddable":true,"href":"https:\/\/ticronometro.com\/wp\/wp-json\/wp\/v2\/comments?post=102304"}],"version-history":[{"count":0,"href":"https:\/\/ticronometro.com\/wp\/wp-json\/wp\/v2\/posts\/102304\/revisions"}],"wp:featuredmedia":[{"embeddable":true,"href":"https:\/\/ticronometro.com\/wp\/wp-json\/wp\/v2\/media\/102303"}],"wp:attachment":[{"href":"https:\/\/ticronometro.com\/wp\/wp-json\/wp\/v2\/media?parent=102304"}],"wp:term":[{"taxonomy":"category","embeddable":true,"href":"https:\/\/ticronometro.com\/wp\/wp-json\/wp\/v2\/categories?post=102304"},{"taxonomy":"post_tag","embeddable":true,"href":"https:\/\/ticronometro.com\/wp\/wp-json\/wp\/v2\/tags?post=102304"}],"curies":[{"name":"wp","href":"https:\/\/api.w.org\/{rel}","templated":true}]}}